{"id":5197,"date":"2025-10-21T10:14:37","date_gmt":"2025-10-21T08:14:37","guid":{"rendered":"https:\/\/cftc-syntec.fr\/testimport\/agirc-arrco-pourquoi-la-retraite-complementaire-ne-sera-pas-revalorisee-cette-annee\/"},"modified":"2025-10-21T10:14:37","modified_gmt":"2025-10-21T08:14:37","slug":"agirc-arrco-pourquoi-la-retraite-complementaire-ne-sera-pas-revalorisee-cette-annee","status":"publish","type":"post","link":"https:\/\/cftc-syntec.fr\/testimport\/agirc-arrco-pourquoi-la-retraite-complementaire-ne-sera-pas-revalorisee-cette-annee\/","title":{"rendered":"Agirc-Arrco\u00a0: pourquoi la retraite compl\u00e9mentaire ne sera pas revaloris\u00e9e cette ann\u00e9e"},"content":{"rendered":"<p>Cet article <a href=\"https:\/\/www.cftc.fr\/actualites\/agirc-arrco-pourquoi-la-retraite-complementaire-ne-sera-pas-revalorisee-cette-annee\">Agirc-Arrco\u00a0: pourquoi la retraite compl\u00e9mentaire ne sera pas revaloris\u00e9e cette ann\u00e9e<\/a> est apparu en premier sur <a href=\"https:\/\/www.cftc.fr\/\">CFTC<\/a>.<\/p>\n","protected":false},"excerpt":{"rendered":"<p>Cet article Agirc-Arrco\u00a0: pourquoi la retraite compl\u00e9mentaire ne sera pas revaloris\u00e9e cette ann\u00e9e est apparu en premier sur CFTC.<\/p>\n","protected":false},"author":0,"featured_media":0,"comment_status":"open","ping_status":"open","sticky":false,"template":"","format":"standard","meta":[],"categories":[1],"tags":[],"_links":{"self":[{"href":"https:\/\/cftc-syntec.fr\/testimport\/wp-json\/wp\/v2\/posts\/5197"}],"collection":[{"href":"https:\/\/cftc-syntec.fr\/testimport\/wp-json\/wp\/v2\/posts"}],"about":[{"href":"https:\/\/cftc-syntec.fr\/testimport\/wp-json\/wp\/v2\/types\/post"}],"replies":[{"embeddable":true,"href":"https:\/\/cftc-syntec.fr\/testimport\/wp-json\/wp\/v2\/comments?post=5197"}],"version-history":[{"count":0,"href":"https:\/\/cftc-syntec.fr\/testimport\/wp-json\/wp\/v2\/posts\/5197\/revisions"}],"wp:attachment":[{"href":"https:\/\/cftc-syntec.fr\/testimport\/wp-json\/wp\/v2\/media?parent=5197"}],"wp:term":[{"taxonomy":"category","embeddable":true,"href":"https:\/\/cftc-syntec.fr\/testimport\/wp-json\/wp\/v2\/categories?post=5197"},{"taxonomy":"post_tag","embeddable":true,"href":"https:\/\/cftc-syntec.fr\/testimport\/wp-json\/wp\/v2\/tags?post=5197"}],"curies":[{"name":"wp","href":"https:\/\/api.w.org\/{rel}","templated":true}]}}