{"id":5205,"date":"2025-11-18T13:07:49","date_gmt":"2025-11-18T12:07:49","guid":{"rendered":"https:\/\/cftc-syntec.fr\/testimport\/le-comhiso-saison-2-episode-3-robert-pricaz\/"},"modified":"2025-11-18T13:07:49","modified_gmt":"2025-11-18T12:07:49","slug":"le-comhiso-saison-2-episode-3-robert-pricaz","status":"publish","type":"post","link":"https:\/\/cftc-syntec.fr\/testimport\/le-comhiso-saison-2-episode-3-robert-pricaz\/","title":{"rendered":"Le Comhiso \u2013 Saison 2 , \u00e9pisode 3: \u00ab Robert Pricaz \u00bb"},"content":{"rendered":"<p>Retrouvez l\u2019\u00e9pisode 3 de la saison 2 du Comhiso, via <a href=\"https:\/\/youtu.be\/01N5IJzBdhI?si=o4uBa8HcFoXttypR\">l\u2019interview de Robert Pricaz.<\/a><\/p>\n<p><strong>Robert Pricaz <\/strong>est un militant CFTC aujourd\u2019hui retrait\u00e9, mais toujours pleinement engag\u00e9 au sein de la F\u00e9d\u00e9ration.<\/p>\n<p>Il a travers\u00e9 et accompagn\u00e9 des moments cl\u00e9s de l\u2019histoire syndicale de la CFTC, notamment au sein de <strong>France T\u00e9l\u00e9com<\/strong>, o\u00f9 il a jou\u00e9 un r\u00f4le important.<\/p>\n<p>Il occupe actuellement la fonction de <strong>pr\u00e9sident du syndicat CFTC T\u00e9l\u00e9com Franche-Comt\u00e9<\/strong>, poursuivant ainsi son engagement au service des salari\u00e9s et du dialogue social.<\/p>\n<p>L\u2019article <a href=\"https:\/\/www.cftcmediaplus.fr\/federation\/le-comhiso-saison-2-episode-3-robert-pricaz\">Le Comhiso \u2013 Saison 2 , \u00e9pisode 3: \u00ab Robert Pricaz \u00bb<\/a> est apparu en premier sur <a href=\"https:\/\/www.cftcmediaplus.fr\/\">CFTC Media Plus<\/a>.<\/p>\n","protected":false},"excerpt":{"rendered":"<p>Retrouvez l\u2019\u00e9pisode 3 de la saison 2 du Comhiso, via l\u2019interview de Robert Pricaz. Robert Pricaz est un militant CFTC aujourd\u2019hui retrait\u00e9, mais toujours pleinement engag\u00e9 au sein de la F\u00e9d\u00e9ration. Il a travers\u00e9 et accompagn\u00e9 des moments cl\u00e9s de l\u2019histoire syndicale de la CFTC, notamment au sein de France T\u00e9l\u00e9com, o\u00f9 il a jou\u00e9 [&hellip;]<\/p>\n","protected":false},"author":0,"featured_media":0,"comment_status":"open","ping_status":"open","sticky":false,"template":"","format":"standard","meta":[],"categories":[1],"tags":[],"_links":{"self":[{"href":"https:\/\/cftc-syntec.fr\/testimport\/wp-json\/wp\/v2\/posts\/5205"}],"collection":[{"href":"https:\/\/cftc-syntec.fr\/testimport\/wp-json\/wp\/v2\/posts"}],"about":[{"href":"https:\/\/cftc-syntec.fr\/testimport\/wp-json\/wp\/v2\/types\/post"}],"replies":[{"embeddable":true,"href":"https:\/\/cftc-syntec.fr\/testimport\/wp-json\/wp\/v2\/comments?post=5205"}],"version-history":[{"count":0,"href":"https:\/\/cftc-syntec.fr\/testimport\/wp-json\/wp\/v2\/posts\/5205\/revisions"}],"wp:attachment":[{"href":"https:\/\/cftc-syntec.fr\/testimport\/wp-json\/wp\/v2\/media?parent=5205"}],"wp:term":[{"taxonomy":"category","embeddable":true,"href":"https:\/\/cftc-syntec.fr\/testimport\/wp-json\/wp\/v2\/categories?post=5205"},{"taxonomy":"post_tag","embeddable":true,"href":"https:\/\/cftc-syntec.fr\/testimport\/wp-json\/wp\/v2\/tags?post=5205"}],"curies":[{"name":"wp","href":"https:\/\/api.w.org\/{rel}","templated":true}]}}