{"id":5207,"date":"2025-11-18T13:07:49","date_gmt":"2025-11-18T12:07:49","guid":{"rendered":"https:\/\/cftc-syntec.fr\/testimport\/former-des-responsables-pour-mieux-accompagner-les-adherents\/"},"modified":"2025-11-18T13:07:49","modified_gmt":"2025-11-18T12:07:49","slug":"former-des-responsables-pour-mieux-accompagner-les-adherents","status":"publish","type":"post","link":"https:\/\/cftc-syntec.fr\/testimport\/former-des-responsables-pour-mieux-accompagner-les-adherents\/","title":{"rendered":"FORMER DES RESPONSABLES POUR MIEUX ACCOMPAGNER LES ADH\u00c9RENTS"},"content":{"rendered":"<p><strong>La Commission Formation, r\u00e9unie au si\u00e8ge de la F\u00e9d\u00e9ration \u00e0 Villejuif, le jeudi 11 septembre, avait comme objectif : recenser les besoins des responsables de sections, secteurs et syndicats nationaux, mettre en place des formations sp\u00e9cifiques afin de renforcer les comp\u00e9tences de tous ceux qui animent nos structures au quotidien. <\/strong><\/p>\n<p>Il est important de bien distinguer la Commission Formation de la Commission Formateurs. La Commission Formateurs, qui se tiendra d\u00e9but d\u00e9cembre, est charg\u00e9e de mettre en place le plan de formation 2026, c\u2019est-\u00e0-dire les formations accessibles \u00e0 l\u2019ensemble des adh\u00e9rents. Nous vous en reparlerons dans le prochain Atlas.<\/p>\n<p>La Commission Formation vise avant tout \u00e0 soutenir le d\u00e9veloppement de nos organisations locales, sectorielles et nationales. En donnant \u00e0 leurs responsables les outils n\u00e9cessaires, elle permet \u00e0 chaque structure d\u2019\u00eatre plus efficace, plus r\u00e9active et plus proche des r\u00e9alit\u00e9s v\u00e9cues par les adh\u00e9rents. Ces formations sont un levier essentiel de d\u00e9veloppement pour notre organisation : elles renforcent la coh\u00e9rence et le dynamisme de nos structures, tout en assurant leur mont\u00e9e en comp\u00e9tences. C\u2019est gr\u00e2ce \u00e0 ce travail collectif que nous pouvons renforcer notre pr\u00e9sence sur le terrain et r\u00e9pondre aux attentes des adh\u00e9rents.<\/p>\n<p>Ainsi, m\u00eame si ces formations sp\u00e9cifiques s\u2019adressent en priorit\u00e9 aux animateurs de structures, leur impact se ressent jusqu\u2019au niveau de chaque adh\u00e9rent.<br \/>\nUn d\u00e9l\u00e9gu\u00e9 mieux form\u00e9 saura mieux informer, conseiller et d\u00e9fendre. Un responsable de section plus \u00e0 l\u2019aise dans ses missions pourra renforcer la dynamique collective et cr\u00e9er des occasions de participation pour toutes et tous. Les propositions recueillies lors de cette rencontre serviront de base pour mettre en place des formations pens\u00e9es pour consolider nos structures et, \u00e0 travers elles, donner plus de force \u00e0 chaque adh\u00e9rent. Car investir dans nos responsables, c\u2019est investir dans la vitalit\u00e9 de notre syndicat, dans la d\u00e9fense de toutes et tous, et dans la construction d\u2019un avenir collectif plus solide et plus juste.<\/p>\n<p>L\u2019article <a href=\"https:\/\/www.cftcmediaplus.fr\/federation\/former-des-responsables-pour-mieux-accompagner-les-adherents\">FORMER DES RESPONSABLES POUR MIEUX ACCOMPAGNER LES ADH\u00c9RENTS<\/a> est apparu en premier sur <a href=\"https:\/\/www.cftcmediaplus.fr\/\">CFTC Media Plus<\/a>.<\/p>\n","protected":false},"excerpt":{"rendered":"<p>La Commission Formation, r\u00e9unie au si\u00e8ge de la F\u00e9d\u00e9ration \u00e0 Villejuif, le jeudi 11 septembre, avait comme objectif : recenser les besoins des responsables de sections, secteurs et syndicats nationaux, mettre en place des formations sp\u00e9cifiques afin de renforcer les comp\u00e9tences de tous ceux qui animent nos structures au quotidien. Il est important de bien [&hellip;]<\/p>\n","protected":false},"author":0,"featured_media":0,"comment_status":"open","ping_status":"open","sticky":false,"template":"","format":"standard","meta":[],"categories":[1],"tags":[],"_links":{"self":[{"href":"https:\/\/cftc-syntec.fr\/testimport\/wp-json\/wp\/v2\/posts\/5207"}],"collection":[{"href":"https:\/\/cftc-syntec.fr\/testimport\/wp-json\/wp\/v2\/posts"}],"about":[{"href":"https:\/\/cftc-syntec.fr\/testimport\/wp-json\/wp\/v2\/types\/post"}],"replies":[{"embeddable":true,"href":"https:\/\/cftc-syntec.fr\/testimport\/wp-json\/wp\/v2\/comments?post=5207"}],"version-history":[{"count":0,"href":"https:\/\/cftc-syntec.fr\/testimport\/wp-json\/wp\/v2\/posts\/5207\/revisions"}],"wp:attachment":[{"href":"https:\/\/cftc-syntec.fr\/testimport\/wp-json\/wp\/v2\/media?parent=5207"}],"wp:term":[{"taxonomy":"category","embeddable":true,"href":"https:\/\/cftc-syntec.fr\/testimport\/wp-json\/wp\/v2\/categories?post=5207"},{"taxonomy":"post_tag","embeddable":true,"href":"https:\/\/cftc-syntec.fr\/testimport\/wp-json\/wp\/v2\/tags?post=5207"}],"curies":[{"name":"wp","href":"https:\/\/api.w.org\/{rel}","templated":true}]}}