{"id":5208,"date":"2025-11-18T13:07:49","date_gmt":"2025-11-18T12:07:49","guid":{"rendered":"https:\/\/cftc-syntec.fr\/testimport\/les-defis-a-relever-de-ledition-francaise\/"},"modified":"2025-11-18T13:07:49","modified_gmt":"2025-11-18T12:07:49","slug":"les-defis-a-relever-de-ledition-francaise","status":"publish","type":"post","link":"https:\/\/cftc-syntec.fr\/testimport\/les-defis-a-relever-de-ledition-francaise\/","title":{"rendered":"LES D\u00c9FIS \u00c0 RELEVER DE L\u2019\u00c9DITION FRAN\u00c7AISE"},"content":{"rendered":"<p><strong>Le retour du Festival du Livre au Grand Palais, lieu o\u00f9 il est n\u00e9, est une f\u00eate pour le secteur mais aussi l\u2019occasion de s\u2019arr\u00eater sur les nouveaux d\u00e9fis auxquels il est confront\u00e9. Le Lien revient sur l\u2019article publi\u00e9 le 10 avril 2025 dans Challenges, \u00ab Les nouvelles frictions de l\u2019\u00e9dition fran\u00e7aise \u00bb, publi\u00e9 \u00e0 l\u2019occasion du Festival du Livre.<\/strong><\/p>\n<p>Les d\u00e9fis auxquels sont confront\u00e9s les libraires, \u00e9diteurs, auteurs ou encore institutions varient selon le point de vue de chacun de<br \/>\nces secteurs. Ainsi, les libraires, dont la rentabilit\u00e9 reste tr\u00e8s faible (entre 0,5 et 3 % dans le meilleur des cas), redoutent chaque \u00e9volution du march\u00e9. Certains se tournent vers le march\u00e9 de l\u2019occasion \u00e9voqu\u00e9 par Challenges, d\u2019autres s\u2019en inqui\u00e8tent. <\/p>\n<p>Les \u00e9diteurs, eux, regrettent que ni eux ni les auteurs ne b\u00e9n\u00e9ficient de droits sur ce march\u00e9 secondaire. Ils r\u00e9clament une loi, rappelant que la r\u00e8gle du prix unique a longtemps prot\u00e9g\u00e9 toute la fili\u00e8re et que les difficult\u00e9s actuelles ne viennent pas de l\u00e0.<\/p>\n<p>Le livre d\u2019occasion n\u2019est pas, en soi, une menace pour l\u2019\u00e9conomie du livre. Mais il s\u2019ajoute \u00e0 une s\u00e9rie de pressions d\u00e9j\u00e0 fortes : concurrence<br \/>\nd\u2019Amazon, essor de l\u2019auto\u00e9dition, mont\u00e9e de l\u2019IA et du num\u00e9rique, recul des soutiens publics (comme le Passe Culture ou les aides aux biblioth\u00e8ques), sans oublier la baisse du temps consacr\u00e9 \u00e0 la lecture, en particulier chez les jeunes, happ\u00e9s par l\u2019omnipr\u00e9sence des images.<\/p>\n<p>Le livre d\u2019occasion n\u2019est pas, en soi, une menace pour l\u2019\u00e9conomie du livre. Mais il s\u2019ajoute \u00e0 une s\u00e9rie de pressions d\u00e9j\u00e0 fortes : concurrence<br \/>\nd\u2019Amazon, essor de l\u2019auto\u00e9dition, mont\u00e9e de l\u2019IA et du num\u00e9rique, recul des soutiens publics (comme le Passe Culture ou les aides aux biblioth\u00e8ques), sans oublier la baisse du temps consacr\u00e9 \u00e0 la lecture, en particulier chez les jeunes, happ\u00e9s par l\u2019omnipr\u00e9sence des images.<\/p>\n<p>Malgr\u00e9 tout, le secteur a prouv\u00e9 sa r\u00e9silience, d\u00e9j\u00e0 face \u00e0 l\u2019essor des m\u00e9dias audiovisuels. Mais une autre interrogation demeure : celle du contenu m\u00eame des livres publi\u00e9s. Au-del\u00e0 du volume de parutions ou du chiffre d\u2019affaires, gonfl\u00e9 artificiellement par l\u2019inflation, la qualit\u00e9 semble d\u00e9cliner nettement. Or, ce n\u2019est pas l\u2019int\u00e9r\u00eat de quelques milliardaires pour ce secteur qui inversera la tendance.<\/p>\n<p>L\u2019article <a href=\"https:\/\/www.cftcmediaplus.fr\/edition\/les-defis-a-relever-de-ledition-francaise\">LES D\u00c9FIS \u00c0 RELEVER DE L\u2019\u00c9DITION FRAN\u00c7AISE<\/a> est apparu en premier sur <a href=\"https:\/\/www.cftcmediaplus.fr\/\">CFTC Media Plus<\/a>.<\/p>\n","protected":false},"excerpt":{"rendered":"<p>Le retour du Festival du Livre au Grand Palais, lieu o\u00f9 il est n\u00e9, est une f\u00eate pour le secteur mais aussi l\u2019occasion de s\u2019arr\u00eater sur les nouveaux d\u00e9fis auxquels il est confront\u00e9. Le Lien revient sur l\u2019article publi\u00e9 le 10 avril 2025 dans Challenges, \u00ab Les nouvelles frictions de l\u2019\u00e9dition fran\u00e7aise \u00bb, publi\u00e9 \u00e0 [&hellip;]<\/p>\n","protected":false},"author":0,"featured_media":0,"comment_status":"open","ping_status":"open","sticky":false,"template":"","format":"standard","meta":[],"categories":[1],"tags":[],"_links":{"self":[{"href":"https:\/\/cftc-syntec.fr\/testimport\/wp-json\/wp\/v2\/posts\/5208"}],"collection":[{"href":"https:\/\/cftc-syntec.fr\/testimport\/wp-json\/wp\/v2\/posts"}],"about":[{"href":"https:\/\/cftc-syntec.fr\/testimport\/wp-json\/wp\/v2\/types\/post"}],"replies":[{"embeddable":true,"href":"https:\/\/cftc-syntec.fr\/testimport\/wp-json\/wp\/v2\/comments?post=5208"}],"version-history":[{"count":0,"href":"https:\/\/cftc-syntec.fr\/testimport\/wp-json\/wp\/v2\/posts\/5208\/revisions"}],"wp:attachment":[{"href":"https:\/\/cftc-syntec.fr\/testimport\/wp-json\/wp\/v2\/media?parent=5208"}],"wp:term":[{"taxonomy":"category","embeddable":true,"href":"https:\/\/cftc-syntec.fr\/testimport\/wp-json\/wp\/v2\/categories?post=5208"},{"taxonomy":"post_tag","embeddable":true,"href":"https:\/\/cftc-syntec.fr\/testimport\/wp-json\/wp\/v2\/tags?post=5208"}],"curies":[{"name":"wp","href":"https:\/\/api.w.org\/{rel}","templated":true}]}}