{"id":5209,"date":"2025-11-18T13:07:49","date_gmt":"2025-11-18T12:07:49","guid":{"rendered":"https:\/\/cftc-syntec.fr\/testimport\/le-congres-du-snaj-salue-une-premiere-mandature-reussie\/"},"modified":"2025-11-18T13:07:49","modified_gmt":"2025-11-18T12:07:49","slug":"le-congres-du-snaj-salue-une-premiere-mandature-reussie","status":"publish","type":"post","link":"https:\/\/cftc-syntec.fr\/testimport\/le-congres-du-snaj-salue-une-premiere-mandature-reussie\/","title":{"rendered":"LE CONGR\u00c8S DU SNAJ SALUE UNE PREMI\u00c8RE MANDATURE R\u00c9USSIE"},"content":{"rendered":"<p><strong>Le congr\u00e8s \u00e9lectif du Syndicat National des Journalistes et de l\u2019Audiovisuel CFTC s\u2019est tenu le 4 juillet 2025 au Mercure de Boulogne, en pr\u00e9sence d\u2019Anne Chatain et d\u2019Olivier Louise qui repr\u00e9sentaient la F\u00e9d\u00e9ration.<\/strong><\/p>\n<p>Le renouvellement de l\u2019\u00e9quipe intervenait apr\u00e8s une premi\u00e8re mandature sous le format fusionn\u00e9 en 2021 entre les deux syndicats des journalistes et de l\u2019audiovisuel. La strat\u00e9gie de d\u00e9veloppement a permis un rebond depuis 2023 et de nouvelles implantations dans des entreprises de r\u00e9f\u00e9rence avec d\u2019excellents scores (M6pub, Bein Sport, Mediawan, Equidia, Emotions, AMP virtual TV pour ne citer qu\u2019elles) et a \u00e9t\u00e9 largement salu\u00e9e par la quarantaine de participants, qui a reconduit l\u2019\u00e9quipe et pl\u00e9biscit\u00e9 les rapports pr\u00e9sent\u00e9s. Le d\u00e9veloppement syndical est rendu d\u2019autant plus difficile dans un contexte tr\u00e8s chahut\u00e9 : fusion non aboutie entre TF1 et M6, \u00e9volution des conventions collectives avec la cr\u00e9ation des entreprises au service de la cr\u00e9ation et de l\u2019\u00e9v\u00e9nement et les enjeux de repr\u00e9sentativit\u00e9 sur la t\u00e9l\u00e9diffusion grand champ, gr\u00e8ve dans la production audiovisuelle, combat pour les salaires des r\u00e9alisateurs et auteurs, PSE chez Canal+ et BFM, concurrence f\u00e9roce des GAFA, sans parler de la r\u00e9forme d\u00e9l\u00e9t\u00e8re de l\u2019audiovisuel public.<\/p>\n<p>La d\u00e9fense des salari\u00e9s est assur\u00e9e au quotidien par des \u00e9quipes largement engag\u00e9es (4 si\u00e8gent dans les Conseils de Prud\u2019hommes, 6 dans la Commission arbitrale des Journalistes et 4 se consacrent \u00e0 la n\u00e9gociation de branche et 2 au Conseil National des Professions du Spectacle). D\u2019autres sujets majeurs ont \u00e9galement \u00e9t\u00e9 port\u00e9s avec la convention nationale de lutte contre le travail ill\u00e9gal, le guide contre les violences sexistes et sexuelles et la participation active aux manifestations contre la r\u00e9forme des retraites de 2023. Les motions d\u2019orientations propos\u00e9es pour la prochaine mandature s\u2019articulent autour de trois axes : Repr\u00e9sentativit\u00e9, Proximit\u00e9 et Innovation. \u00c0 titre d\u2019illustration, une motion ax\u00e9e sur l\u2019innovation syndicale, les droits et l\u2019IA et les objectifs de d\u00e9veloppement annuels ont \u00e9t\u00e9 pr\u00e9sent\u00e9s.<br \/>\nPour conclure ce congr\u00e8s dynamique et instructif, la pr\u00e9sidente Imane Harraoui a soulign\u00e9 l\u2019enjeu de la transversalit\u00e9 au sein du SNAJ. Le partage des exp\u00e9riences entre entit\u00e9s est un facteur essentiel d\u2019apprentissage et d\u2019enrichissement collectif. <\/p>\n<p>L\u2019\u00e9quipe reconduite : <br \/>\nPr\u00e9sidente : Imane Harraoui. Secr\u00e9taire : Maximilien<br \/>\nDe Libera. Tr\u00e9sorier : Jean-Fran\u00e7ois Laidin.<br \/>\nVice-pr\u00e9sidents : Olivier Corriez et Ouajih Attmani.<br \/>\nSecr\u00e9taires adjointes : Florence Thebault et Fatima.<br \/>\nBekkar. Tr\u00e9sori\u00e8re adjointe : Lynda Modestine<\/p>\n<p>L\u2019article <a href=\"https:\/\/www.cftcmediaplus.fr\/audiovisuel\/le-congres-du-snaj-salue-une-premiere-mandature-reussie\">LE CONGR\u00c8S DU SNAJ SALUE UNE PREMI\u00c8RE MANDATURE R\u00c9USSIE<\/a> est apparu en premier sur <a href=\"https:\/\/www.cftcmediaplus.fr\/\">CFTC Media Plus<\/a>.<\/p>\n","protected":false},"excerpt":{"rendered":"<p>Le congr\u00e8s \u00e9lectif du Syndicat National des Journalistes et de l\u2019Audiovisuel CFTC s\u2019est tenu le 4 juillet 2025 au Mercure de Boulogne, en pr\u00e9sence d\u2019Anne Chatain et d\u2019Olivier Louise qui repr\u00e9sentaient la F\u00e9d\u00e9ration. Le renouvellement de l\u2019\u00e9quipe intervenait apr\u00e8s une premi\u00e8re mandature sous le format fusionn\u00e9 en 2021 entre les deux syndicats des journalistes et [&hellip;]<\/p>\n","protected":false},"author":0,"featured_media":0,"comment_status":"open","ping_status":"open","sticky":false,"template":"","format":"standard","meta":[],"categories":[1],"tags":[],"_links":{"self":[{"href":"https:\/\/cftc-syntec.fr\/testimport\/wp-json\/wp\/v2\/posts\/5209"}],"collection":[{"href":"https:\/\/cftc-syntec.fr\/testimport\/wp-json\/wp\/v2\/posts"}],"about":[{"href":"https:\/\/cftc-syntec.fr\/testimport\/wp-json\/wp\/v2\/types\/post"}],"replies":[{"embeddable":true,"href":"https:\/\/cftc-syntec.fr\/testimport\/wp-json\/wp\/v2\/comments?post=5209"}],"version-history":[{"count":0,"href":"https:\/\/cftc-syntec.fr\/testimport\/wp-json\/wp\/v2\/posts\/5209\/revisions"}],"wp:attachment":[{"href":"https:\/\/cftc-syntec.fr\/testimport\/wp-json\/wp\/v2\/media?parent=5209"}],"wp:term":[{"taxonomy":"category","embeddable":true,"href":"https:\/\/cftc-syntec.fr\/testimport\/wp-json\/wp\/v2\/categories?post=5209"},{"taxonomy":"post_tag","embeddable":true,"href":"https:\/\/cftc-syntec.fr\/testimport\/wp-json\/wp\/v2\/tags?post=5209"}],"curies":[{"name":"wp","href":"https:\/\/api.w.org\/{rel}","templated":true}]}}