{"id":5212,"date":"2025-11-18T13:07:49","date_gmt":"2025-11-18T12:07:49","guid":{"rendered":"https:\/\/cftc-syntec.fr\/testimport\/un-projet-de-rachat-dahlstrom-arches-par-munksjo-en-discussion\/"},"modified":"2025-11-18T13:07:49","modified_gmt":"2025-11-18T12:07:49","slug":"un-projet-de-rachat-dahlstrom-arches-par-munksjo-en-discussion","status":"publish","type":"post","link":"https:\/\/cftc-syntec.fr\/testimport\/un-projet-de-rachat-dahlstrom-arches-par-munksjo-en-discussion\/","title":{"rendered":"UN PROJET DE RACHAT D\u2019AHLSTROM ARCHES PAR MUNKSJ\u00d6 EN DISCUSSION"},"content":{"rendered":"<p><strong>Avec le rachat d\u2019 Ahlstrom Arches, le groupe Munksj\u00f6 entend consolider ses capacit\u00e9s de production et d\u2019innovation, en particulier dans le domaine du papier d\u00e9coratif, et renforcer son leadership<\/strong><\/p>\n<p>Le groupe Munksj\u00f6, acteur international reconnu dans la production de papiers techniques et d\u00e9coratifs \u00e0 forte valeur ajout\u00e9e, poursuit son<br \/>\nd\u00e9veloppement strat\u00e9gique en Europe. Pr\u00e9sent sur plusieurs segments de niche (d\u00e9cor, abrasifs, papiers sp\u00e9ciaux), il se distingue par son innovation et sa capacit\u00e9 \u00e0 r\u00e9pondre aux besoins sp\u00e9cifiques des industriels.<\/p>\n<p>De son c\u00f4t\u00e9, Ahlstrom Arches b\u00e9n\u00e9ficie d\u2019un savoir faire historique et d\u2019un outil industriel performant, notamment gr\u00e2ce \u00e0 ses lignes de production modernes et polyvalentes. Le site d\u2019Arches occupe une place centrale dans la production de papiers d\u00e9coratifs et abrasifs, avec une expertise largement reconnue dans la fili\u00e8re.<\/p>\n<p>C\u2019est dans cette logique de compl\u00e9mentarit\u00e9 que Munksj\u00f6 projette le rachat d\u2019Ahlstrom Arches, afin de consolider ses capacit\u00e9s de production et\u00a0 d\u2019innovation, en particulier dans le domaine du papier d\u00e9coratif.<\/p>\n<p><strong>Les objectifs du projet <\/strong><\/p>\n<p><strong>1. D\u00e9velopper l\u2019activit\u00e9 D\u00e9cor<\/strong><br \/>\n\u2022 Accent sur les couleurs intenses et la diff\u00e9renciation produit.<br \/>\n\u2022 Partage des meilleures pratiques entre les diff\u00e9rents sites et lignes de production.<\/p>\n<p><strong>2. Renforcer l\u2019activit\u00e9 Abrasifs<\/strong><br \/>\n\u2022 Capitaliser sur les investissements r\u00e9cents, notamment la machine PM28 et les nouveaux d\u00e9veloppements sur PM26.<\/p>\n<p><strong>3. Exploiter les synergies entre activit\u00e9s (D\u00e9cor,Abrasifs, E2P)<\/strong><br \/>\n\u2022 Acc\u00e8s facilit\u00e9 aux clients D\u00e9cor pour \u00e9largir l\u2019offre E2P<\/p>\n<p><strong>4. Valoriser les atouts industriels du site d\u2019Arches<\/strong><br \/>\n\u2022 La PM26, \u00e9quip\u00e9e de capacit\u00e9s techniques avanc\u00e9es (size-press, twin), constitue un levier cl\u00e9 pour d\u00e9velopper de nouveaux produits : D\u00e9cor,<br \/>\nAbrasifs et Pr\u00e9-impr\u00e9gn\u00e9s.<\/p>\n<p><strong>5. Maintenir une coop\u00e9ration avec Ahlstrom<\/strong><br \/>\n\u2022 Mise en place d\u2019un accord de service sp\u00e9cifique pour produire certains papiers de sp\u00e9cialit\u00e9 via la PM26.<\/p>\n<p><strong>Enjeux strat\u00e9giques pour Munksj\u00f6<\/strong><\/p>\n<p>\u2022 Devenir un acteur majeur et complet du march\u00e9 du papier d\u00e9coratif.<br \/>\n\u2022 Optimiser l\u2019innovation gr\u00e2ce \u00e0 une base technologique partag\u00e9e entre plusieurs activit\u00e9s.<br \/>\n\u2022 Accro\u00eetre la valeur client en proposant une gamme \u00e9largie et int\u00e9gr\u00e9e.<br \/>\n\u2022 Consolider sa pr\u00e9sence sur le march\u00e9 europ\u00e9en avec un ancrage renforc\u00e9 \u00e0 Arches.<\/p>\n<p>Une op\u00e9ration tourn\u00e9e vers l\u2019avenir<br \/>\nCe rachat repr\u00e9sente pour Munksj\u00f6 une opportunit\u00e9 d\u2019allier innovation, synergies industrielles et diversification. L\u2019entreprise entend ainsi acc\u00e9l\u00e9rer sa croissance et conforter son r\u00f4le de leader dans les papiers techniques et d\u00e9coratifs.<br \/>\nUne nouvelle \u00e9tape cl\u00e9 a eu lieu le 4 septembre lorsque l\u2019avis sur le projet a \u00e9t\u00e9 recueilli. Si le calendrier est respect\u00e9, la transition devrait<br \/>\ns\u2019op\u00e9rer rapidement, avec une int\u00e9gration effective d\u00e8s le 1er octobre.<\/p>\n<p>L\u2019article <a href=\"https:\/\/www.cftcmediaplus.fr\/papier-carton\/un-projet-de-rachat-dahlstrom-arches-par-munksjo-en-discussion\">UN PROJET DE RACHAT D\u2019AHLSTROM ARCHES PAR MUNKSJ\u00d6 EN DISCUSSION<\/a> est apparu en premier sur <a href=\"https:\/\/www.cftcmediaplus.fr\/\">CFTC Media Plus<\/a>.<\/p>\n","protected":false},"excerpt":{"rendered":"<p>Avec le rachat d\u2019 Ahlstrom Arches, le groupe Munksj\u00f6 entend consolider ses capacit\u00e9s de production et d\u2019innovation, en particulier dans le domaine du papier d\u00e9coratif, et renforcer son leadership Le groupe Munksj\u00f6, acteur international reconnu dans la production de papiers techniques et d\u00e9coratifs \u00e0 forte valeur ajout\u00e9e, poursuit son d\u00e9veloppement strat\u00e9gique en Europe. Pr\u00e9sent sur [&hellip;]<\/p>\n","protected":false},"author":0,"featured_media":0,"comment_status":"open","ping_status":"open","sticky":false,"template":"","format":"standard","meta":[],"categories":[1],"tags":[],"_links":{"self":[{"href":"https:\/\/cftc-syntec.fr\/testimport\/wp-json\/wp\/v2\/posts\/5212"}],"collection":[{"href":"https:\/\/cftc-syntec.fr\/testimport\/wp-json\/wp\/v2\/posts"}],"about":[{"href":"https:\/\/cftc-syntec.fr\/testimport\/wp-json\/wp\/v2\/types\/post"}],"replies":[{"embeddable":true,"href":"https:\/\/cftc-syntec.fr\/testimport\/wp-json\/wp\/v2\/comments?post=5212"}],"version-history":[{"count":0,"href":"https:\/\/cftc-syntec.fr\/testimport\/wp-json\/wp\/v2\/posts\/5212\/revisions"}],"wp:attachment":[{"href":"https:\/\/cftc-syntec.fr\/testimport\/wp-json\/wp\/v2\/media?parent=5212"}],"wp:term":[{"taxonomy":"category","embeddable":true,"href":"https:\/\/cftc-syntec.fr\/testimport\/wp-json\/wp\/v2\/categories?post=5212"},{"taxonomy":"post_tag","embeddable":true,"href":"https:\/\/cftc-syntec.fr\/testimport\/wp-json\/wp\/v2\/tags?post=5212"}],"curies":[{"name":"wp","href":"https:\/\/api.w.org\/{rel}","templated":true}]}}