{"id":5215,"date":"2025-11-18T17:06:33","date_gmt":"2025-11-18T16:06:33","guid":{"rendered":"https:\/\/cftc-syntec.fr\/testimport\/validation-des-acquis-de-lexperience\/"},"modified":"2025-11-18T17:06:33","modified_gmt":"2025-11-18T16:06:33","slug":"validation-des-acquis-de-lexperience","status":"publish","type":"post","link":"https:\/\/cftc-syntec.fr\/testimport\/validation-des-acquis-de-lexperience\/","title":{"rendered":"Validation des Acquis  de l\u2019Exp\u00e9rience"},"content":{"rendered":"<p><strong> La Validation des Acquis de l\u2019Exp\u00e9rience, est un dispositif permettant \u00e0 toute personne de faire reconna\u00eetre ses comp\u00e9tences professionnelles en vue d\u2019obtenir une certification.<\/strong><\/p>\n<p> A COMPTER DU 1ER AOUT 2025<\/p>\n<p>La publication au Journal Officiel le 19\/07\/2025 du d\u00e9cret du 18 juillet d\u00e9finit les conditions d\u2019\u00e9ligibilit\u00e9 au Compte Personnel de Formation et les actions permettant de faire valider les acquis de l\u2019exp\u00e9rience. L\u2019arr\u00eat\u00e9 du 3 juillet 2025 pr\u00e9cise les missions des accompagnateurs et les conditions de r\u00e9f\u00e9rencement sur la plateforme France VAE.<\/p>\n<p>Pour \u00eatre \u00e9ligible, la certification vis\u00e9e doit \u00eatre enregistr\u00e9e au R\u00e9pertoire<br \/>\nNational des Certifications Professionnelles (RNCP). Il peut s\u2019agir : <br \/>\n\u2013 d\u2019un dipl\u00f4me<br \/>\n\u2013 d\u2019un titre professionnel<br \/>\n\u2013 d\u2019un certificat de qualification professionnelle<br \/>\nCes certifications doivent r\u00e9pondre \u00e0 des finalit\u00e9s professionnelles pr\u00e9cises, et sont class\u00e9es selon la nomenclature europ\u00e9enne des niveaux de qualification, allant du niveau 3 (CAP) au niveau 8 (doctorat).<\/p>\n<p><strong>La VAE, un dispositif valorisant accessible \u00e0 tous<\/strong><\/p>\n<p>Le candidat devra d\u00e9poser sa candidature sur le site de France VAE, un Architecte Accompagnateur de Parcours (professionnel sp\u00e9cialis\u00e9 dans l\u2019accompagnement VAE) l\u2019aide depuis le diagnostic de ses comp\u00e9tences en d\u00e9but de parcours jusqu\u2019au bilan apr\u00e8s le passage devant le jury.<\/p>\n<p>Le Compte Personnel de Formation sera mobilisable que si le candidat est accompagn\u00e9 d\u2019un organisme de formation VAE certifi\u00e9.<br \/>\nLe Compte Personnel de Formation du candicat financera les frais occasionn\u00e9s par la VAE.<\/p>\n<p><strong>Pour toute question, contactez vos repr\u00e9sentants locaux<\/strong><br \/>\nECRIVEZ-NOUS &gt; cftc.solocal.france@gmail.com<br \/>\n204 Rond-Point du Pont de S\u00e8vres \u2013 92100 Boulogne-Billancourt<br \/>\nAhmed Khanchaoui \u2013 06 67 19 15 99 \u2022 Brahim Moutaoukil \u2013 06 76 22 54 96<\/p>\n<p>L\u2019article <a href=\"https:\/\/www.cftcmediaplus.fr\/telecoms\/validation-des-acquis-de-lexperience\">Validation des Acquis  de l\u2019Exp\u00e9rience<\/a> est apparu en premier sur <a href=\"https:\/\/www.cftcmediaplus.fr\/\">CFTC Media Plus<\/a>.<\/p>\n","protected":false},"excerpt":{"rendered":"<p>La Validation des Acquis de l\u2019Exp\u00e9rience, est un dispositif permettant \u00e0 toute personne de faire reconna\u00eetre ses comp\u00e9tences professionnelles en vue d\u2019obtenir une certification. A COMPTER DU 1ER AOUT 2025 La publication au Journal Officiel le 19\/07\/2025 du d\u00e9cret du 18 juillet d\u00e9finit les conditions d\u2019\u00e9ligibilit\u00e9 au Compte Personnel de Formation et les actions permettant [&hellip;]<\/p>\n","protected":false},"author":0,"featured_media":0,"comment_status":"open","ping_status":"open","sticky":false,"template":"","format":"standard","meta":[],"categories":[1],"tags":[],"_links":{"self":[{"href":"https:\/\/cftc-syntec.fr\/testimport\/wp-json\/wp\/v2\/posts\/5215"}],"collection":[{"href":"https:\/\/cftc-syntec.fr\/testimport\/wp-json\/wp\/v2\/posts"}],"about":[{"href":"https:\/\/cftc-syntec.fr\/testimport\/wp-json\/wp\/v2\/types\/post"}],"replies":[{"embeddable":true,"href":"https:\/\/cftc-syntec.fr\/testimport\/wp-json\/wp\/v2\/comments?post=5215"}],"version-history":[{"count":0,"href":"https:\/\/cftc-syntec.fr\/testimport\/wp-json\/wp\/v2\/posts\/5215\/revisions"}],"wp:attachment":[{"href":"https:\/\/cftc-syntec.fr\/testimport\/wp-json\/wp\/v2\/media?parent=5215"}],"wp:term":[{"taxonomy":"category","embeddable":true,"href":"https:\/\/cftc-syntec.fr\/testimport\/wp-json\/wp\/v2\/categories?post=5215"},{"taxonomy":"post_tag","embeddable":true,"href":"https:\/\/cftc-syntec.fr\/testimport\/wp-json\/wp\/v2\/tags?post=5215"}],"curies":[{"name":"wp","href":"https:\/\/api.w.org\/{rel}","templated":true}]}}