{"id":5230,"date":"2025-12-22T12:13:11","date_gmt":"2025-12-22T11:13:11","guid":{"rendered":"https:\/\/cftc-syntec.fr\/testimport\/assemblee-generale-du-comhiso\/"},"modified":"2025-12-22T12:13:11","modified_gmt":"2025-12-22T11:13:11","slug":"assemblee-generale-du-comhiso","status":"publish","type":"post","link":"https:\/\/cftc-syntec.fr\/testimport\/assemblee-generale-du-comhiso\/","title":{"rendered":"Assembl\u00e9e g\u00e9n\u00e9rale du COMHISO"},"content":{"rendered":"<p>Le 3 d\u00e9cembre dernier s\u2019est tenue, \u00e0 Villejuif, l\u2019Assembl\u00e9e g\u00e9n\u00e9rale statutaire du <strong>COMit\u00e9 d\u2019HIstoire SOciale de la CFTC Media+ (COMHISO)<\/strong>.<\/p>\n<p>\u00a0<\/p>\n<p>Pour m\u00e9moire, Le COMHISO a pour objet :<\/p>\n<p>De conserver et d\u2019enrichir la m\u00e9moire, entre autres, syndicale entre actifs et retrait\u00e9s de la F\u00e9d\u00e9ration CFTC Media+,<br \/>\nDe renforcer les liens entre actifs et retrait\u00e9s de la F\u00e9d\u00e9ration CFTC Media+,<br \/>\nDe faire conna\u00eetre l\u2019histoire sociale des secteurs des Postes, des T\u00e9l\u00e9communications et des autres secteurs constitutifs de la F\u00e9d\u00e9ration Media+ et la contribution de la CFTC,<br \/>\nDe participer \u00e0 l\u2019effort de formation des militants CFTC Media+.<\/p>\n<p>\u00a0<\/p>\n<p>Les statuts ont \u00e9t\u00e9 mis \u00e0 jour. Les rapports d\u2019activit\u00e9 et financier ont \u00e9t\u00e9 adopt\u00e9s. Un nouveau conseil a \u00e9t\u00e9 \u00e9lu et un nouveau bureau a \u00e9t\u00e9 mis en place\u00a0:<\/p>\n<p>Pr\u00e9sident : Thierry PATENNE<br \/>\nSecr\u00e9taire g\u00e9n\u00e9rale : Laurence NAUDIN<br \/>\nVice-Pr\u00e9sident : Eric SAUGET<br \/>\nSecr\u00e9taire adjointe : Jacqueline DENEUVE<br \/>\nTr\u00e9sorier : Roger-Marie MEBROUK<br \/>\nTr\u00e9sorier adjoint : Fr\u00e9d\u00e9ric DERRE<\/p>\n<p>Le <strong>nouveau conseil<\/strong> est d\u00e9termin\u00e9 \u00e0 poursuivre le travail pour assurer les missions du COMHSO pour les quatre prochaines ann\u00e9es avec enthousiasme.<\/p>\n<p><strong>Le pass\u00e9 nourrit l\u2019avenir. <\/strong><\/p>\n<p>Pour voir les r\u00e9alisations du Comhiso\u00a0: <a href=\"https:\/\/www.cftcmediaplus.fr\/comhiso-comite-dhistoire-sociale\">https:\/\/www.cftcmediaplus.fr\/comhiso-comite-dhistoire-sociale<\/a><\/p>\n<p>Pour adh\u00e9rer au comhiso\u00a0: \u00e9crire \u00e0 <a href=\"mailto:comhiso@cftcmediamplus.fr\">comhiso@cftcmediamplus.fr<\/a><\/p>\n<p>L\u2019article <a href=\"https:\/\/www.cftcmediaplus.fr\/federation\/assemblee-generale-du-comhiso\">Assembl\u00e9e g\u00e9n\u00e9rale du COMHISO<\/a> est apparu en premier sur <a href=\"https:\/\/www.cftcmediaplus.fr\/\">CFTC Media Plus<\/a>.<\/p>\n","protected":false},"excerpt":{"rendered":"<p>Le 3 d\u00e9cembre dernier s\u2019est tenue, \u00e0 Villejuif, l\u2019Assembl\u00e9e g\u00e9n\u00e9rale statutaire du COMit\u00e9 d\u2019HIstoire SOciale de la CFTC Media+ (COMHISO). \u00a0 Pour m\u00e9moire, Le COMHISO a pour objet : De conserver et d\u2019enrichir la m\u00e9moire, entre autres, syndicale entre actifs et retrait\u00e9s de la F\u00e9d\u00e9ration CFTC Media+, De renforcer les liens entre actifs et retrait\u00e9s [&hellip;]<\/p>\n","protected":false},"author":0,"featured_media":0,"comment_status":"open","ping_status":"open","sticky":false,"template":"","format":"standard","meta":[],"categories":[1],"tags":[],"_links":{"self":[{"href":"https:\/\/cftc-syntec.fr\/testimport\/wp-json\/wp\/v2\/posts\/5230"}],"collection":[{"href":"https:\/\/cftc-syntec.fr\/testimport\/wp-json\/wp\/v2\/posts"}],"about":[{"href":"https:\/\/cftc-syntec.fr\/testimport\/wp-json\/wp\/v2\/types\/post"}],"replies":[{"embeddable":true,"href":"https:\/\/cftc-syntec.fr\/testimport\/wp-json\/wp\/v2\/comments?post=5230"}],"version-history":[{"count":0,"href":"https:\/\/cftc-syntec.fr\/testimport\/wp-json\/wp\/v2\/posts\/5230\/revisions"}],"wp:attachment":[{"href":"https:\/\/cftc-syntec.fr\/testimport\/wp-json\/wp\/v2\/media?parent=5230"}],"wp:term":[{"taxonomy":"category","embeddable":true,"href":"https:\/\/cftc-syntec.fr\/testimport\/wp-json\/wp\/v2\/categories?post=5230"},{"taxonomy":"post_tag","embeddable":true,"href":"https:\/\/cftc-syntec.fr\/testimport\/wp-json\/wp\/v2\/tags?post=5230"}],"curies":[{"name":"wp","href":"https:\/\/api.w.org\/{rel}","templated":true}]}}