{"id":5231,"date":"2025-12-22T13:13:00","date_gmt":"2025-12-22T12:13:00","guid":{"rendered":"https:\/\/cftc-syntec.fr\/testimport\/le-comhiso-saison-2-episode-4-roger-mebrouk\/"},"modified":"2025-12-22T13:13:00","modified_gmt":"2025-12-22T12:13:00","slug":"le-comhiso-saison-2-episode-4-roger-mebrouk","status":"publish","type":"post","link":"https:\/\/cftc-syntec.fr\/testimport\/le-comhiso-saison-2-episode-4-roger-mebrouk\/","title":{"rendered":"Le Comhiso \u2013 Saison 2 , \u00e9pisode 4: \u00ab Roger Mebrouk \u00bb"},"content":{"rendered":"<p>Retrouvez l\u2019\u00e9pisode 4 de la saison 2 du Comhiso, via <a href=\"https:\/\/www.youtube.com\/watch?v=3CSLvtno0OI&amp;t=26s\" target=\"_blank\" rel=\"noopener\">l\u2019interview de Roger Mebrouk<\/a><\/p>\n<p><strong>Roger Mebrouk <\/strong>ancien directeur d\u2019\u00e9tablissement est un militant CFTC aujourd\u2019hui retrait\u00e9.<\/p>\n<p>C\u2019est un membre du bureau et le tr\u00e9sorier du Comhiso, toujours pleinement engag\u00e9 au sein de la F\u00e9d\u00e9ration.<\/p>\n<p>\u00a0<\/p>\n<p>L\u2019article <a href=\"https:\/\/www.cftcmediaplus.fr\/federation\/le-comhiso-saison-2-episode-4-roger-mebrouk\">Le Comhiso \u2013 Saison 2 , \u00e9pisode 4: \u00ab Roger Mebrouk \u00bb<\/a> est apparu en premier sur <a href=\"https:\/\/www.cftcmediaplus.fr\/\">CFTC Media Plus<\/a>.<\/p>\n","protected":false},"excerpt":{"rendered":"<p>Retrouvez l\u2019\u00e9pisode 4 de la saison 2 du Comhiso, via l\u2019interview de Roger Mebrouk Roger Mebrouk ancien directeur d\u2019\u00e9tablissement est un militant CFTC aujourd\u2019hui retrait\u00e9. C\u2019est un membre du bureau et le tr\u00e9sorier du Comhiso, toujours pleinement engag\u00e9 au sein de la F\u00e9d\u00e9ration. \u00a0 L\u2019article Le Comhiso \u2013 Saison 2 , \u00e9pisode 4: \u00ab Roger [&hellip;]<\/p>\n","protected":false},"author":0,"featured_media":0,"comment_status":"open","ping_status":"open","sticky":false,"template":"","format":"standard","meta":[],"categories":[1],"tags":[],"_links":{"self":[{"href":"https:\/\/cftc-syntec.fr\/testimport\/wp-json\/wp\/v2\/posts\/5231"}],"collection":[{"href":"https:\/\/cftc-syntec.fr\/testimport\/wp-json\/wp\/v2\/posts"}],"about":[{"href":"https:\/\/cftc-syntec.fr\/testimport\/wp-json\/wp\/v2\/types\/post"}],"replies":[{"embeddable":true,"href":"https:\/\/cftc-syntec.fr\/testimport\/wp-json\/wp\/v2\/comments?post=5231"}],"version-history":[{"count":0,"href":"https:\/\/cftc-syntec.fr\/testimport\/wp-json\/wp\/v2\/posts\/5231\/revisions"}],"wp:attachment":[{"href":"https:\/\/cftc-syntec.fr\/testimport\/wp-json\/wp\/v2\/media?parent=5231"}],"wp:term":[{"taxonomy":"category","embeddable":true,"href":"https:\/\/cftc-syntec.fr\/testimport\/wp-json\/wp\/v2\/categories?post=5231"},{"taxonomy":"post_tag","embeddable":true,"href":"https:\/\/cftc-syntec.fr\/testimport\/wp-json\/wp\/v2\/tags?post=5231"}],"curies":[{"name":"wp","href":"https:\/\/api.w.org\/{rel}","templated":true}]}}