{"id":5232,"date":"2025-12-29T14:08:16","date_gmt":"2025-12-29T13:08:16","guid":{"rendered":"https:\/\/cftc-syntec.fr\/testimport\/nouvelle-avancee-obtenue-par-la-cftc-media-solocal\/"},"modified":"2025-12-29T14:08:16","modified_gmt":"2025-12-29T13:08:16","slug":"nouvelle-avancee-obtenue-par-la-cftc-media-solocal","status":"publish","type":"post","link":"https:\/\/cftc-syntec.fr\/testimport\/nouvelle-avancee-obtenue-par-la-cftc-media-solocal\/","title":{"rendered":"Nouvelle avanc\u00e9e obtenue par la CFTC M\u00e9dia+ Solocal"},"content":{"rendered":"<p>Lors des NAO de novembre 2025, la CFTC M\u00e9dia+ Solocal s\u2019est battue avec un objectif clair : <strong>qu\u2019il n\u2019y ait plus aucun salaire en dessous du SMIC.<\/strong><br \/>\nLa Direction a r\u00e9pondu favorablement \u00e0 cette premi\u00e8re bataille, en actant un ajustement des salaires fixes au niveau du SMIC de fin 2025.<\/p>\n<p>Mais la CFTC M\u00e9dia+ Solocal ne s\u2019est pas arr\u00eat\u00e9e l\u00e0.<\/p>\n<p>En effet, cet ajustement, pr\u00e9vu au 1er d\u00e9cembre 2025, ne tenait pas compte de la nouvelle hausse du SMIC au 1er janvier 2026, ce qui aurait eu pour effet de rendre rapidement obsol\u00e8te le sens m\u00eame de la mesure annonc\u00e9e, avec \u00e0 nouveau des salari\u00e9s en dessous du SMIC quelques semaines plus tard.<\/p>\n<p>C\u2019est pourquoi la CFTC M\u00e9dia+ Solocal est all\u00e9e plus loin, en demandant directement \u00e0 la direction que le salaire minimum soit r\u00e9ajust\u00e9 au niveau du SMIC au 1er janvier 2026.<\/p>\n<p><strong> La Direction a r\u00e9pondu favorablement.<\/strong><br \/><strong>Le salaire fixe des t\u00e9l\u00e9vendeurs sera donc align\u00e9 sur le SMIC \u00e0 1 823,03 \u20ac brut \u00e0 compter du 1er janvier 2026.<\/strong><br \/><strong>Cet ajustement s\u2019ajoute \u00e0 celui du 1er d\u00e9cembre 2025.<\/strong><br \/>\nUne avanc\u00e9e concr\u00e8te, obtenue par la n\u00e9gociation, pour s\u00e9curiser durablement les salaires et pr\u00e9server le pouvoir d\u2019achat.<\/p>\n<p>L\u2019\u00e9quipe CFTC M\u00e9dia+ Solocal vous souhaite, ainsi qu\u2019\u00e0 vos familles, de tr\u00e8s belles f\u00eates de fin d\u2019ann\u00e9e.<br \/>\nRendez-vous en 2026 pour continuer \u00e0 d\u00e9fendre vos droits et commencer la nouvelle ann\u00e9e ensemble.<\/p>\n<p>L\u2019article <a href=\"https:\/\/www.cftcmediaplus.fr\/numerique\/nouvelle-avancee-obtenue-par-la-cftc-media-solocal\">Nouvelle avanc\u00e9e obtenue par la CFTC M\u00e9dia+ Solocal<\/a> est apparu en premier sur <a href=\"https:\/\/www.cftcmediaplus.fr\/\">CFTC Media Plus<\/a>.<\/p>\n","protected":false},"excerpt":{"rendered":"<p>Lors des NAO de novembre 2025, la CFTC M\u00e9dia+ Solocal s\u2019est battue avec un objectif clair : qu\u2019il n\u2019y ait plus aucun salaire en dessous du SMIC. La Direction a r\u00e9pondu favorablement \u00e0 cette premi\u00e8re bataille, en actant un ajustement des salaires fixes au niveau du SMIC de fin 2025. Mais la CFTC M\u00e9dia+ Solocal [&hellip;]<\/p>\n","protected":false},"author":0,"featured_media":0,"comment_status":"open","ping_status":"open","sticky":false,"template":"","format":"standard","meta":[],"categories":[1],"tags":[],"_links":{"self":[{"href":"https:\/\/cftc-syntec.fr\/testimport\/wp-json\/wp\/v2\/posts\/5232"}],"collection":[{"href":"https:\/\/cftc-syntec.fr\/testimport\/wp-json\/wp\/v2\/posts"}],"about":[{"href":"https:\/\/cftc-syntec.fr\/testimport\/wp-json\/wp\/v2\/types\/post"}],"replies":[{"embeddable":true,"href":"https:\/\/cftc-syntec.fr\/testimport\/wp-json\/wp\/v2\/comments?post=5232"}],"version-history":[{"count":0,"href":"https:\/\/cftc-syntec.fr\/testimport\/wp-json\/wp\/v2\/posts\/5232\/revisions"}],"wp:attachment":[{"href":"https:\/\/cftc-syntec.fr\/testimport\/wp-json\/wp\/v2\/media?parent=5232"}],"wp:term":[{"taxonomy":"category","embeddable":true,"href":"https:\/\/cftc-syntec.fr\/testimport\/wp-json\/wp\/v2\/categories?post=5232"},{"taxonomy":"post_tag","embeddable":true,"href":"https:\/\/cftc-syntec.fr\/testimport\/wp-json\/wp\/v2\/tags?post=5232"}],"curies":[{"name":"wp","href":"https:\/\/api.w.org\/{rel}","templated":true}]}}