{"id":5233,"date":"2026-01-01T11:07:03","date_gmt":"2026-01-01T10:07:03","guid":{"rendered":"https:\/\/cftc-syntec.fr\/testimport\/la-federation-cftc-media-vous-souhaite-de-bonnes-fetes-de-fin-dannee\/"},"modified":"2026-01-01T11:07:03","modified_gmt":"2026-01-01T10:07:03","slug":"la-federation-cftc-media-vous-souhaite-de-bonnes-fetes-de-fin-dannee","status":"publish","type":"post","link":"https:\/\/cftc-syntec.fr\/testimport\/la-federation-cftc-media-vous-souhaite-de-bonnes-fetes-de-fin-dannee\/","title":{"rendered":"La F\u00e9d\u00e9ration CFTC Media+ vous souhaite de bonnes f\u00eates de fin d\u2019ann\u00e9e"},"content":{"rendered":"<p>La f\u00e9d\u00e9ration CFTC Media+ vous souhaite de tr\u00e8s belles f\u00eates de fin d\u2019ann\u00e9e.<\/p>\n<p>\u00c0 l\u2019approche de cette p\u00e9riode particuli\u00e8re, c\u2019est l\u2019occasion de faire une pause, de se retrouver et de partager des moments pr\u00e9cieux avec celles et ceux qui comptent. Nous esp\u00e9rons que ces f\u00eates seront plac\u00e9es sous le signe de la s\u00e9r\u00e9nit\u00e9, de la convivialit\u00e9 et de la douceur.<\/p>\n<p>Nous remercions chaleureusement l\u2019ensemble de nos collaborateurs, ainsi que nos adh\u00e9rents et partenaires, pour leur engagement et leur confiance tout au long de l\u2019ann\u00e9e. Nous vous adressons nos v\u0153ux les plus sinc\u00e8res et vous souhaitons de tr\u00e8s belles f\u00eates de fin d\u2019ann\u00e9e.<\/p>\n<p>L\u2019article <a href=\"https:\/\/www.cftcmediaplus.fr\/federation\/la-federation-cftc-media-vous-souhaite-de-bonnes-fetes-de-fin-dannee-2\">La F\u00e9d\u00e9ration CFTC Media+ vous souhaite de bonnes f\u00eates de fin d\u2019ann\u00e9e<\/a> est apparu en premier sur <a href=\"https:\/\/www.cftcmediaplus.fr\/\">CFTC Media Plus<\/a>.<\/p>\n","protected":false},"excerpt":{"rendered":"<p>La f\u00e9d\u00e9ration CFTC Media+ vous souhaite de tr\u00e8s belles f\u00eates de fin d\u2019ann\u00e9e. \u00c0 l\u2019approche de cette p\u00e9riode particuli\u00e8re, c\u2019est l\u2019occasion de faire une pause, de se retrouver et de partager des moments pr\u00e9cieux avec celles et ceux qui comptent. Nous esp\u00e9rons que ces f\u00eates seront plac\u00e9es sous le signe de la s\u00e9r\u00e9nit\u00e9, de la [&hellip;]<\/p>\n","protected":false},"author":0,"featured_media":0,"comment_status":"open","ping_status":"open","sticky":false,"template":"","format":"standard","meta":[],"categories":[1],"tags":[],"_links":{"self":[{"href":"https:\/\/cftc-syntec.fr\/testimport\/wp-json\/wp\/v2\/posts\/5233"}],"collection":[{"href":"https:\/\/cftc-syntec.fr\/testimport\/wp-json\/wp\/v2\/posts"}],"about":[{"href":"https:\/\/cftc-syntec.fr\/testimport\/wp-json\/wp\/v2\/types\/post"}],"replies":[{"embeddable":true,"href":"https:\/\/cftc-syntec.fr\/testimport\/wp-json\/wp\/v2\/comments?post=5233"}],"version-history":[{"count":0,"href":"https:\/\/cftc-syntec.fr\/testimport\/wp-json\/wp\/v2\/posts\/5233\/revisions"}],"wp:attachment":[{"href":"https:\/\/cftc-syntec.fr\/testimport\/wp-json\/wp\/v2\/media?parent=5233"}],"wp:term":[{"taxonomy":"category","embeddable":true,"href":"https:\/\/cftc-syntec.fr\/testimport\/wp-json\/wp\/v2\/categories?post=5233"},{"taxonomy":"post_tag","embeddable":true,"href":"https:\/\/cftc-syntec.fr\/testimport\/wp-json\/wp\/v2\/tags?post=5233"}],"curies":[{"name":"wp","href":"https:\/\/api.w.org\/{rel}","templated":true}]}}