{"id":5238,"date":"2026-01-13T09:07:37","date_gmt":"2026-01-13T08:07:37","guid":{"rendered":"https:\/\/cftc-syntec.fr\/testimport\/election-au-ca-du-groupe-la-poste\/"},"modified":"2026-01-13T09:07:37","modified_gmt":"2026-01-13T08:07:37","slug":"election-au-ca-du-groupe-la-poste","status":"publish","type":"post","link":"https:\/\/cftc-syntec.fr\/testimport\/election-au-ca-du-groupe-la-poste\/","title":{"rendered":"\u00c9LECTION AU CA DU GROUPE LA POSTE"},"content":{"rendered":"<p><strong>L\u2019un des \u00e9v\u00e9nements marquants de cette fin d\u2019ann\u00e9e pour le Groupe La Poste a \u00e9t\u00e9 l\u2019\u00e9lection au Conseil d\u2019Administration, qui s\u2019est d\u00e9roul\u00e9e du 24 au 26 novembre. Pour ce scrutin, l\u2019organisation \u00e9tait partenaire et pr\u00e9sentait une liste commune avec la CFE-CGC.<\/strong><\/p>\n<p>L\u2019un des \u00e9v\u00e8nements marquant de cette fin d\u2019ann\u00e9e pour le Groupe la Poste, l\u2019\u00e9lection au Conseil d\u2019Administration, avait lieu du 24 au 26<br \/>\nnovembre dernier, nous \u00e9tions partenaire et faisions liste commune avec la CFE-CGC.<strong><br \/><\/strong>Le Secteur des Postes et la Section Nationale La Poste ont mis en \u0153uvre tous les moyens n\u00e9cessaires pour lancer une nouvelle dynamique, avan\u00e7ant main dans la main avec le soutien de la F\u00e9d\u00e9ration.<\/p>\n<p>Un long travail de pr\u00e9sence sur le terrain a \u00e9t\u00e9 r\u00e9alis\u00e9, avec des actions significatives men\u00e9es sur l\u2019ensemble du territoire. Cette mobilisation, appuy\u00e9e par un partenariat solide, a permis d\u2019atteindre 15,12\u202f%, un r\u00e9sultat en hausse de plus de deux points par rapport \u00e0 2020, malgr\u00e9 un taux de participation global faible 43,61 %).<\/p>\n<p>La communication a \u00e9t\u00e9 r\u00e9guli\u00e8re gr\u00e2ce \u00e0 l\u2019envoi de tracts, aux publications sur les r\u00e9seaux sociaux, et au partage d\u2019informations avec les \u00e9quipes sur les p\u00e9rim\u00e8tres CSE de La Poste, incluant des op\u00e9rations de distribution au si\u00e8ge du Groupe ainsi que dans les filiales.<\/p>\n<p>Une mention particuli\u00e8re est adress\u00e9e \u00e0 Laurent Martin et aux \u00e9quipes de STP pour leurs r\u00e9sultats \u00e0 la hauteur des ambitions, ainsi qu\u2019\u00e0 Corinne Cochard, secr\u00e9taire nationale, et aux \u00e9quipes de la F\u00e9d\u00e9ration pour leur soutien logistique.<\/p>\n<p>L\u2019avenir offre de belles perspectives avec deux objectifs majeurs, dans une volont\u00e9 affirm\u00e9e de reconqu\u00e9rir la repr\u00e9sentativit\u00e9.<br \/>\n\u2022 les \u00e9lections CAP-CCP de 2026,<br \/>\n\u2022 les \u00e9lections CSE de 2028,<br \/>\nLa F\u00e9d\u00e9ration, le Secteur des Postes et la Section Nationale La Poste adressent leurs remerciements \u00e0 l\u2019ensemble des adh\u00e9rents, militants et sympathisants pour leur engagement et leurs actions communes.<strong><br \/><\/strong><\/p>\n<p>L\u2019article <a href=\"https:\/\/www.cftcmediaplus.fr\/postes\/election-au-ca-du-groupe-la-poste-2\">\u00c9LECTION AU CA DU GROUPE LA POSTE<\/a> est apparu en premier sur <a href=\"https:\/\/www.cftcmediaplus.fr\/\">CFTC Media Plus<\/a>.<\/p>\n","protected":false},"excerpt":{"rendered":"<p>L\u2019un des \u00e9v\u00e9nements marquants de cette fin d\u2019ann\u00e9e pour le Groupe La Poste a \u00e9t\u00e9 l\u2019\u00e9lection au Conseil d\u2019Administration, qui s\u2019est d\u00e9roul\u00e9e du 24 au 26 novembre. Pour ce scrutin, l\u2019organisation \u00e9tait partenaire et pr\u00e9sentait une liste commune avec la CFE-CGC. L\u2019un des \u00e9v\u00e8nements marquant de cette fin d\u2019ann\u00e9e pour le Groupe la Poste, l\u2019\u00e9lection [&hellip;]<\/p>\n","protected":false},"author":0,"featured_media":0,"comment_status":"open","ping_status":"open","sticky":false,"template":"","format":"standard","meta":[],"categories":[1],"tags":[],"_links":{"self":[{"href":"https:\/\/cftc-syntec.fr\/testimport\/wp-json\/wp\/v2\/posts\/5238"}],"collection":[{"href":"https:\/\/cftc-syntec.fr\/testimport\/wp-json\/wp\/v2\/posts"}],"about":[{"href":"https:\/\/cftc-syntec.fr\/testimport\/wp-json\/wp\/v2\/types\/post"}],"replies":[{"embeddable":true,"href":"https:\/\/cftc-syntec.fr\/testimport\/wp-json\/wp\/v2\/comments?post=5238"}],"version-history":[{"count":0,"href":"https:\/\/cftc-syntec.fr\/testimport\/wp-json\/wp\/v2\/posts\/5238\/revisions"}],"wp:attachment":[{"href":"https:\/\/cftc-syntec.fr\/testimport\/wp-json\/wp\/v2\/media?parent=5238"}],"wp:term":[{"taxonomy":"category","embeddable":true,"href":"https:\/\/cftc-syntec.fr\/testimport\/wp-json\/wp\/v2\/categories?post=5238"},{"taxonomy":"post_tag","embeddable":true,"href":"https:\/\/cftc-syntec.fr\/testimport\/wp-json\/wp\/v2\/tags?post=5238"}],"curies":[{"name":"wp","href":"https:\/\/api.w.org\/{rel}","templated":true}]}}