{"id":5240,"date":"2026-01-14T09:07:42","date_gmt":"2026-01-14T08:07:42","guid":{"rendered":"https:\/\/cftc-syntec.fr\/testimport\/les-nouveaux-elans-2026-du-comite-national\/"},"modified":"2026-01-14T09:07:42","modified_gmt":"2026-01-14T08:07:42","slug":"les-nouveaux-elans-2026-du-comite-national","status":"publish","type":"post","link":"https:\/\/cftc-syntec.fr\/testimport\/les-nouveaux-elans-2026-du-comite-national\/","title":{"rendered":"LES NOUVEAUX \u00c9LANS 2026 DU COMIT\u00c9 NATIONAL"},"content":{"rendered":"<p><strong>La F\u00e9d\u00e9ration CFTC Media+ s\u2019est r\u00e9unie le 19 novembre pour un Comit\u00e9 national plac\u00e9 sous le signe du d\u00e9veloppement des sections, de la consolidation des adh\u00e9sions et de la valorisation des services propos\u00e9s. La journ\u00e9e a permis de faire le point sur l\u2019activit\u00e9 syndicale, les obligations statutaires et les outils mis \u00e0 disposition.<\/strong><\/p>\n<p>Des sections en mouvement <\/p>\n<p>La pr\u00e9sentation des nouveaux responsables de syndicats et de secteurs a ouvert la journ\u00e9e, renfor\u00e7ant la pr\u00e9sence f\u00e9d\u00e9rale sur le terrain.<br \/>\nThierry Patenne a rappel\u00e9 les obligations statutaires impos\u00e9es par la Conf\u00e9d\u00e9ration : mise \u00e0 jour des statuts en fonction des d\u00e9cisions de congr\u00e8s, anticipation des assembl\u00e9es g\u00e9n\u00e9rales extraordinaires lors des assembl\u00e9es g\u00e9n\u00e9rales et respect d\u2019un r\u00e9troplanning rigoureux pour garantir la validit\u00e9 de ces derni\u00e8res.<\/p>\n<p><strong>Adh\u00e9sions et pratiques de terrain<\/strong><\/p>\n<p>J\u00e9r\u00f4me Aubert (tr\u00e9sorier f\u00e9d\u00e9ral) a fait un point sur l\u2019apurement des fichiers : suppression des adh\u00e9rents sans parts mensuelles en 2023-2024 et fin des avantages en cas de cotisations incompl\u00e8tes apr\u00e8s le 31 mars, en coh\u00e9rence avec le projet conf\u00e9d\u00e9ral \u201c3C\u201d .<\/p>\n<p>Plusieurs sections ont pr\u00e9sent\u00e9 leurs initiatives : tourn\u00e9es nationales chez Orange pour renforcer la visibilit\u00e9, op\u00e9ration \u201cLoterie de rentr\u00e9e\u201d chez Bouygues Telecom, et simplification de la gestion des adh\u00e9sions au SICSTI tout en conservant un accompagnement humain.<\/p>\n<p><strong>Repr\u00e9sentativit\u00e9, \u00e9lections et outils<\/strong><\/p>\n<p>Anne Chatain a fait un point sur la repr\u00e9sentativit\u00e9 et les classifications, plusieurs branches restant non conformes. Richard Anezin (responsable formation) a pr\u00e9sent\u00e9 les r\u00e9sultats de la consultation men\u00e9e en septembre et a expos\u00e9 les besoins d\u2019accompagnement identifi\u00e9s, ainsi que les nouvelles formations et modules innovants qui seront d\u00e9ploy\u00e9s sur 2026-2027. Maxime Fernandez (juriste<br \/>\nf\u00e9d\u00e9ral) a rappel\u00e9 l\u2019importance du Protocole d\u2019accord pr\u00e9\u00e9lectoral, cadre juridique des \u00e9lections professionnelles.<\/p>\n<p>Illana Suret (responsable communication) et Yohan Auguste ont pr\u00e9sent\u00e9 les nouveaux goodies, kits de communication et stands mis \u00e0 disposition des sections. Thierry Patenne a \u00e9galement \u00e9voqu\u00e9 la compl\u00e9mentaire sant\u00e9 pour les retrait\u00e9s adh\u00e9rents et les partenariats f\u00e9d\u00e9raux en cours.\u00a0<\/p>\n<p>L\u2019article <a href=\"https:\/\/www.cftcmediaplus.fr\/federation\/election-au-ca-du-groupe-la-poste\">LES NOUVEAUX \u00c9LANS 2026 DU COMIT\u00c9 NATIONAL<\/a> est apparu en premier sur <a href=\"https:\/\/www.cftcmediaplus.fr\/\">CFTC Media Plus<\/a>.<\/p>\n","protected":false},"excerpt":{"rendered":"<p>La F\u00e9d\u00e9ration CFTC Media+ s\u2019est r\u00e9unie le 19 novembre pour un Comit\u00e9 national plac\u00e9 sous le signe du d\u00e9veloppement des sections, de la consolidation des adh\u00e9sions et de la valorisation des services propos\u00e9s. La journ\u00e9e a permis de faire le point sur l\u2019activit\u00e9 syndicale, les obligations statutaires et les outils mis \u00e0 disposition. Des sections [&hellip;]<\/p>\n","protected":false},"author":0,"featured_media":0,"comment_status":"open","ping_status":"open","sticky":false,"template":"","format":"standard","meta":[],"categories":[1],"tags":[],"_links":{"self":[{"href":"https:\/\/cftc-syntec.fr\/testimport\/wp-json\/wp\/v2\/posts\/5240"}],"collection":[{"href":"https:\/\/cftc-syntec.fr\/testimport\/wp-json\/wp\/v2\/posts"}],"about":[{"href":"https:\/\/cftc-syntec.fr\/testimport\/wp-json\/wp\/v2\/types\/post"}],"replies":[{"embeddable":true,"href":"https:\/\/cftc-syntec.fr\/testimport\/wp-json\/wp\/v2\/comments?post=5240"}],"version-history":[{"count":0,"href":"https:\/\/cftc-syntec.fr\/testimport\/wp-json\/wp\/v2\/posts\/5240\/revisions"}],"wp:attachment":[{"href":"https:\/\/cftc-syntec.fr\/testimport\/wp-json\/wp\/v2\/media?parent=5240"}],"wp:term":[{"taxonomy":"category","embeddable":true,"href":"https:\/\/cftc-syntec.fr\/testimport\/wp-json\/wp\/v2\/categories?post=5240"},{"taxonomy":"post_tag","embeddable":true,"href":"https:\/\/cftc-syntec.fr\/testimport\/wp-json\/wp\/v2\/tags?post=5240"}],"curies":[{"name":"wp","href":"https:\/\/api.w.org\/{rel}","templated":true}]}}