{"id":5241,"date":"2026-01-15T09:07:21","date_gmt":"2026-01-15T08:07:21","guid":{"rendered":"https:\/\/cftc-syntec.fr\/testimport\/faire-de-la-difference-une-force-collective-le-pari-de-la-cftc-media\/"},"modified":"2026-01-15T09:07:21","modified_gmt":"2026-01-15T08:07:21","slug":"faire-de-la-difference-une-force-collective-le-pari-de-la-cftc-media","status":"publish","type":"post","link":"https:\/\/cftc-syntec.fr\/testimport\/faire-de-la-difference-une-force-collective-le-pari-de-la-cftc-media\/","title":{"rendered":"FAIRE DE LA DIFF\u00c9RENCE UNE FORCE COLLECTIVE : LE PARI DE LA CFTC MEDIA+"},"content":{"rendered":"<p><strong>\u00c0 l\u2019occasion de son Forum Handicap, la F\u00e9d\u00e9ration CFTC Media+ a r\u00e9uni \u00e0 Paris militants, d\u00e9l\u00e9gu\u00e9s et acteurs <\/strong><strong>engag\u00e9s pour r\u00e9fl\u00e9chir et agir. L\u2019\u00e9v\u00e9nement du 30 septembre dernier a rappel\u00e9 que l\u2019inclusion <\/strong><strong>n\u2019est pas une id\u00e9e abstraite, mais une responsabilit\u00e9 collective et un engagement syndical essentiel.<\/strong><\/p>\n<p>Replacer le handicap au c\u0153ur du dialogue social<\/p>\n<p>Anim\u00e9 par la journaliste \u00c9milie Joubert, le forum s\u2019est ouvert sur le th\u00e8me \u201cR\u00e9ussir avec son handicap\u201d. En citant le c\u00e9l\u00e8bre docteur Louis Braille dont le campus parisien d\u00e9di\u00e9 \u00e0 la recherche et \u00e0 l\u2019innovation dans le domaine de la d\u00e9ficience visuelle ouvert en 2024 porte le nom \u00ab Le plus dur, ce n\u2019est pas le handicap, ce sont les barri\u00e8res absurdes \u00e9rig\u00e9es par mauvaise volont\u00e9 \u00bb, elle a pos\u00e9 le cadre : faire du handicap un vrai sujet de dialogue.<\/p>\n<p>Anne Chatain, pr\u00e9sidente de la F\u00e9d\u00e9ration, a rappel\u00e9 qu\u2019une personne sur sept est concern\u00e9e par le handicap et subit encore exclusion et<br \/>\ndiscrimination, malgr\u00e9 un arsenal l\u00e9gislatif solide \u00bb. Elle a soulign\u00e9 le r\u00f4le du syndicat : \u00ab Les capacit\u00e9s doivent \u00eatre mises en avant plus que<br \/>\nles incapacit\u00e9s. Les militants ont un r\u00f4le central \u00e0 jouer. \u00bb<\/p>\n<p>La Mission Handicap CFTC, repr\u00e9sent\u00e9e par Didier Moguelet et JeanMichel Tessier, a r\u00e9affirm\u00e9 son engagement \u00e0 soutenir concr\u00e8tement<br \/>\nles salari\u00e9s.<\/p>\n<p><strong>T\u00e9moignages : du d\u00e9fi personnel \u00e0 la r\u00e9ussite collective<\/strong><\/p>\n<p>Le triathl\u00e8te Antoine Besse a marqu\u00e9 les esprits avec son parcours.<br \/>\nVictime d\u2019un accident de v\u00e9lo l\u2019ayant laiss\u00e9 avec un bras paralys\u00e9, il a choisi la r\u00e9silience : \u00ab J\u2019ai cru que \u00e7a reviendrait tout seul, mais la r\u00e9alit\u00e9 \u00e9tait diff\u00e9rente. \u00bb Gr\u00e2ce au para triathlon, il retrouve confiance et devient champion de France. \u00ab Une personne en situation de handicap doit \u00eatre bien entour\u00e9e, car elle ne peut pas tout g\u00e9rer seule\u202f\u00bb, a-t-il soulign\u00e9, avant de conclure : \u00ab Le handicap n\u2019est pas une limite, c\u2019est une force. \u00bb<\/p>\n<p>Lors d\u2019une table ronde, Ma\u00efder Lecomte Dufresne, avocate atteinte du syndrome d\u2019Asperger, a expliqu\u00e9 avoir transform\u00e9 sa diff\u00e9rence en atout : \u00ab Mon handicap m\u2019a appris la r\u00e9silience, devenue une comp\u00e9tence entrepreneuriale. \u00bb Bernadette Dumont Jabberi, chef de projet chez TF1, a ajout\u00e9 : \u00ab Une personne en fauteuil ne se d\u00e9finit pas par ses roues. L\u2019inclusion, c\u2019est reconna\u00eetre la personne dans sa globalit\u00e9. \u00bb<\/p>\n<p><strong>Agir pour une inclusion durable<\/strong><\/p>\n<p>L\u2019apr\u00e8s-midi, Didier Moguelet et Virginie Noga ont pr\u00e9sent\u00e9 la Mission Handicap CFTC, insistant sur la formation et la cr\u00e9ation d\u2019un mandat de r\u00e9f\u00e9rent handicap au sein des CSE. \u00ab L\u2019essentiel, c\u2019est l\u2019environnement : il peut rendre le handicap compliqu\u00e9 ou permettre \u00e0 chacun de travailler dignement \u00bb, a rappel\u00e9 Didier Moguelet.<br \/>\nUne table ronde sur les m\u00e9dias a enfin soulign\u00e9 l\u2019importance d\u2019une visibilit\u00e9 continue du handicap. Pour le journaliste Antony Martins Misse (Sud Radio), \u00ab les m\u00e9dias doivent en parler toute l\u2019ann\u00e9e, pas seulement lors des Jeux Paralympiques \u00bb.<\/p>\n<p><strong>L\u2019humain au centre<\/strong><\/p>\n<p>En cl\u00f4ture, Didier Moguelet a rappel\u00e9 : \u00ab L\u2019humain d\u2019abord, l\u2019humain toujours. \u00bb Et Jean-Michel Tessier a conclu : \u00ab Si la CFTC ne parle pas du handicap, personne ne le fera. \u00bb Ce forum a montr\u00e9 que le handicap n\u2019est pas un frein, mais un levier pour construire des milieux de travail plus justes, inclusifs et humains. Ensemble, la diff\u00e9rence devient une v\u00e9ritable richesse collective.<\/p>\n<p>Pour en savoir plus, retrouvez l\u2019article complet et d\u00e9taill\u00e9 sur notre site cftcmediaplus.fr<\/p>\n<p>L\u2019article <a href=\"https:\/\/www.cftcmediaplus.fr\/federation\/faire-de-la-difference-une-force-collective-le-pari-de-la-cftc-media\">FAIRE DE LA DIFF\u00c9RENCE UNE FORCE COLLECTIVE : LE PARI DE LA CFTC MEDIA+<\/a> est apparu en premier sur <a href=\"https:\/\/www.cftcmediaplus.fr\/\">CFTC Media Plus<\/a>.<\/p>\n","protected":false},"excerpt":{"rendered":"<p>\u00c0 l\u2019occasion de son Forum Handicap, la F\u00e9d\u00e9ration CFTC Media+ a r\u00e9uni \u00e0 Paris militants, d\u00e9l\u00e9gu\u00e9s et acteurs engag\u00e9s pour r\u00e9fl\u00e9chir et agir. L\u2019\u00e9v\u00e9nement du 30 septembre dernier a rappel\u00e9 que l\u2019inclusion n\u2019est pas une id\u00e9e abstraite, mais une responsabilit\u00e9 collective et un engagement syndical essentiel. Replacer le handicap au c\u0153ur du dialogue social Anim\u00e9 [&hellip;]<\/p>\n","protected":false},"author":0,"featured_media":0,"comment_status":"open","ping_status":"open","sticky":false,"template":"","format":"standard","meta":[],"categories":[1],"tags":[],"_links":{"self":[{"href":"https:\/\/cftc-syntec.fr\/testimport\/wp-json\/wp\/v2\/posts\/5241"}],"collection":[{"href":"https:\/\/cftc-syntec.fr\/testimport\/wp-json\/wp\/v2\/posts"}],"about":[{"href":"https:\/\/cftc-syntec.fr\/testimport\/wp-json\/wp\/v2\/types\/post"}],"replies":[{"embeddable":true,"href":"https:\/\/cftc-syntec.fr\/testimport\/wp-json\/wp\/v2\/comments?post=5241"}],"version-history":[{"count":0,"href":"https:\/\/cftc-syntec.fr\/testimport\/wp-json\/wp\/v2\/posts\/5241\/revisions"}],"wp:attachment":[{"href":"https:\/\/cftc-syntec.fr\/testimport\/wp-json\/wp\/v2\/media?parent=5241"}],"wp:term":[{"taxonomy":"category","embeddable":true,"href":"https:\/\/cftc-syntec.fr\/testimport\/wp-json\/wp\/v2\/categories?post=5241"},{"taxonomy":"post_tag","embeddable":true,"href":"https:\/\/cftc-syntec.fr\/testimport\/wp-json\/wp\/v2\/tags?post=5241"}],"curies":[{"name":"wp","href":"https:\/\/api.w.org\/{rel}","templated":true}]}}