{"id":5242,"date":"2026-01-15T15:10:51","date_gmt":"2026-01-15T14:10:51","guid":{"rendered":"https:\/\/cftc-syntec.fr\/testimport\/creation-du-conge-de-naissance-une-reponse-necessaire-mais-insuffisante-face-a-la-crise-de-la-natalite\/"},"modified":"2026-01-15T15:10:51","modified_gmt":"2026-01-15T14:10:51","slug":"creation-du-conge-de-naissance-une-reponse-necessaire-mais-insuffisante-face-a-la-crise-de-la-natalite","status":"publish","type":"post","link":"https:\/\/cftc-syntec.fr\/testimport\/creation-du-conge-de-naissance-une-reponse-necessaire-mais-insuffisante-face-a-la-crise-de-la-natalite\/","title":{"rendered":"Cr\u00e9ation du cong\u00e9 de naissance : une r\u00e9ponse n\u00e9cessaire mais insuffisante, face \u00e0 la crise de la natalit\u00e9"},"content":{"rendered":"<p>Cet article <a href=\"https:\/\/www.cftc.fr\/actualites\/creation-du-conge-de-naissance-une-reponse-necessaire-mais-insuffisante-face-a-la-crise-de-la-natalite\">Cr\u00e9ation du cong\u00e9 de naissance : une r\u00e9ponse n\u00e9cessaire mais insuffisante, face \u00e0 la crise de la natalit\u00e9<\/a> est apparu en premier sur <a href=\"https:\/\/www.cftc.fr\/\">CFTC<\/a>.<\/p>\n","protected":false},"excerpt":{"rendered":"<p>Cet article Cr\u00e9ation du cong\u00e9 de naissance : une r\u00e9ponse n\u00e9cessaire mais insuffisante, face \u00e0 la crise de la natalit\u00e9 est apparu en premier sur CFTC.<\/p>\n","protected":false},"author":0,"featured_media":0,"comment_status":"open","ping_status":"open","sticky":false,"template":"","format":"standard","meta":[],"categories":[1],"tags":[],"_links":{"self":[{"href":"https:\/\/cftc-syntec.fr\/testimport\/wp-json\/wp\/v2\/posts\/5242"}],"collection":[{"href":"https:\/\/cftc-syntec.fr\/testimport\/wp-json\/wp\/v2\/posts"}],"about":[{"href":"https:\/\/cftc-syntec.fr\/testimport\/wp-json\/wp\/v2\/types\/post"}],"replies":[{"embeddable":true,"href":"https:\/\/cftc-syntec.fr\/testimport\/wp-json\/wp\/v2\/comments?post=5242"}],"version-history":[{"count":0,"href":"https:\/\/cftc-syntec.fr\/testimport\/wp-json\/wp\/v2\/posts\/5242\/revisions"}],"wp:attachment":[{"href":"https:\/\/cftc-syntec.fr\/testimport\/wp-json\/wp\/v2\/media?parent=5242"}],"wp:term":[{"taxonomy":"category","embeddable":true,"href":"https:\/\/cftc-syntec.fr\/testimport\/wp-json\/wp\/v2\/categories?post=5242"},{"taxonomy":"post_tag","embeddable":true,"href":"https:\/\/cftc-syntec.fr\/testimport\/wp-json\/wp\/v2\/tags?post=5242"}],"curies":[{"name":"wp","href":"https:\/\/api.w.org\/{rel}","templated":true}]}}