{"id":5243,"date":"2026-01-16T09:06:45","date_gmt":"2026-01-16T08:06:45","guid":{"rendered":"https:\/\/cftc-syntec.fr\/testimport\/tout-savoir-sur-les-decisions-du-conseil-federal\/"},"modified":"2026-01-16T09:06:45","modified_gmt":"2026-01-16T08:06:45","slug":"tout-savoir-sur-les-decisions-du-conseil-federal","status":"publish","type":"post","link":"https:\/\/cftc-syntec.fr\/testimport\/tout-savoir-sur-les-decisions-du-conseil-federal\/","title":{"rendered":"TOUT SAVOIR SUR LES D\u00c9CISIONS DU CONSEIL F\u00c9D\u00c9RAL"},"content":{"rendered":"<p><strong>Pour sa derni\u00e8re r\u00e9union de l\u2019ann\u00e9e, le 13 novembre 2025, le Conseil F\u00e9d\u00e9ral s\u2019est r\u00e9uni dans un un lieu embl\u00e9matique le Conseil \u00c9conomique Social et Environnemental, au Palais d\u2019I\u00e9na \u00e0 Paris. Les conseillers de la F\u00e9d\u00e9ration ont pu se mettre en situation dans l\u2019h\u00e9micycle de l\u2019assembl\u00e9e et effectuer leurs travaux dans une des salles de r\u00e9union, avant de passer un moment tr\u00e8s convivial dans le salon Eiffel et sa vue <\/strong><strong>imprenable sur la Tour.<\/strong><\/p>\n<p>Cette r\u00e9union fut l\u2019occasion pour la pr\u00e9sidente de la F\u00e9d\u00e9ration Anne Chatain d\u2019expliquer les modalit\u00e9s du mandat qu\u2019elle y exerce en tant que conseill\u00e8re pour repr\u00e9senter la CFTC, et plus particuli\u00e8rement au sein de la Commission Travail et Emploi. Le Conseil f\u00e9d\u00e9ral de fin d\u2019ann\u00e9e a permis de valider le budget et plan de formation pour 2026, de faire un r\u00e9capitulatif des AG tenues par les syndicats en 2025 et du forum handicap de la F\u00e9d\u00e9ration. Le cabinet Tandem \u00e9tait venu pr\u00e9senter une \u00e9tude tr\u00e8s int\u00e9ressante sur les all\u00e8gements de cotisations et leurs effets addictifs et de trappe \u00e0 bas salaires pour les entreprises. Grand moment \u00e9galement, les conseillers ont choisi le site du prochain Congr\u00e8s f\u00e9d\u00e9ral pr\u00e9vu en juin 2027\u2026 mais vous en saurez plus dans un prochain num\u00e9ro.<\/p>\n<p><strong>Focus sur le CESE<\/strong><\/p>\n<p>Haut lieu de la participation d\u00e9mocratique et troisi\u00e8me chambre consulaire de la R\u00e9publique, le Conseil \u00e9conomique, social et environnemental (CESE) conseille le Gouvernement et le Parlement.<br \/>\nIl repr\u00e9sente les organisations de la soci\u00e9t\u00e9 civile et associe les citoyens \u00e0 la vie d\u00e9mocratique.<br \/>\nL\u2019Assembl\u00e9e nationale et le S\u00e9nat forment ensemble le Parlement qui fait la loi et contr\u00f4le l\u2019action du Gouvernement. \u00c0 leurs c\u00f4t\u00e9s, le Conseil<br \/>\n\u00e9conomique, social et environnemental (CESE) est l\u2019assembl\u00e9e consultative de notre R\u00e9publique et a 4 missions : \u00e9clairer le Gouvernement et<br \/>\nle Parlement dans l\u2019\u00e9laboration des politiques publiques, \u00e9valuer l\u2019efficacit\u00e9 des politiques publiques, favoriser le dialogue social et prendre le pouls des r\u00e9gions. Son r\u00f4le est ainsi d\u00e9fini dans les articles 69 et 70 de notre Constitution et il est ainsi compos\u00e9 :<\/p>\n<p><strong>82 organisations_ 175 conseill\u00e8res et conseillers_ 5 ans\u00a0\u00a0<\/strong><\/p>\n<p>Il rend des avis, rapports, \u00e9tudes, publi\u00e9s sur son site et au Journal Officiel sur les sujets sociaux, soci\u00e9taux, environnementaux, \u00e9conomiques et organise les conventions citoyennes. Nos repr\u00e9sentants CFTC sont: Anne Chatain, Pascale Coton, \u00c9ric Heitz, Manuel Lecomte.<br \/>\nPour en savoir plus rendez-vous sur le site www.lecese.fr<\/p>\n<\/p>\n<p>L\u2019article <a href=\"https:\/\/www.cftcmediaplus.fr\/federation\/tout-savoir-sur-les-decisions-du-conseil-federal\">TOUT SAVOIR SUR LES D\u00c9CISIONS DU CONSEIL F\u00c9D\u00c9RAL<\/a> est apparu en premier sur <a href=\"https:\/\/www.cftcmediaplus.fr\/\">CFTC Media Plus<\/a>.<\/p>\n","protected":false},"excerpt":{"rendered":"<p>Pour sa derni\u00e8re r\u00e9union de l\u2019ann\u00e9e, le 13 novembre 2025, le Conseil F\u00e9d\u00e9ral s\u2019est r\u00e9uni dans un un lieu embl\u00e9matique le Conseil \u00c9conomique Social et Environnemental, au Palais d\u2019I\u00e9na \u00e0 Paris. Les conseillers de la F\u00e9d\u00e9ration ont pu se mettre en situation dans l\u2019h\u00e9micycle de l\u2019assembl\u00e9e et effectuer leurs travaux dans une des salles de [&hellip;]<\/p>\n","protected":false},"author":0,"featured_media":0,"comment_status":"open","ping_status":"open","sticky":false,"template":"","format":"standard","meta":[],"categories":[1],"tags":[],"_links":{"self":[{"href":"https:\/\/cftc-syntec.fr\/testimport\/wp-json\/wp\/v2\/posts\/5243"}],"collection":[{"href":"https:\/\/cftc-syntec.fr\/testimport\/wp-json\/wp\/v2\/posts"}],"about":[{"href":"https:\/\/cftc-syntec.fr\/testimport\/wp-json\/wp\/v2\/types\/post"}],"replies":[{"embeddable":true,"href":"https:\/\/cftc-syntec.fr\/testimport\/wp-json\/wp\/v2\/comments?post=5243"}],"version-history":[{"count":0,"href":"https:\/\/cftc-syntec.fr\/testimport\/wp-json\/wp\/v2\/posts\/5243\/revisions"}],"wp:attachment":[{"href":"https:\/\/cftc-syntec.fr\/testimport\/wp-json\/wp\/v2\/media?parent=5243"}],"wp:term":[{"taxonomy":"category","embeddable":true,"href":"https:\/\/cftc-syntec.fr\/testimport\/wp-json\/wp\/v2\/categories?post=5243"},{"taxonomy":"post_tag","embeddable":true,"href":"https:\/\/cftc-syntec.fr\/testimport\/wp-json\/wp\/v2\/tags?post=5243"}],"curies":[{"name":"wp","href":"https:\/\/api.w.org\/{rel}","templated":true}]}}