{"id":5244,"date":"2026-01-16T15:06:25","date_gmt":"2026-01-16T14:06:25","guid":{"rendered":"https:\/\/cftc-syntec.fr\/testimport\/lentretien-de-parcours-professionnel-epp-un-rendez-vous-cle-pour-votre-avenir-a-la-poste\/"},"modified":"2026-01-16T15:06:25","modified_gmt":"2026-01-16T14:06:25","slug":"lentretien-de-parcours-professionnel-epp-un-rendez-vous-cle-pour-votre-avenir-a-la-poste","status":"publish","type":"post","link":"https:\/\/cftc-syntec.fr\/testimport\/lentretien-de-parcours-professionnel-epp-un-rendez-vous-cle-pour-votre-avenir-a-la-poste\/","title":{"rendered":"L\u2019entretien de parcours professionnel (EPP) : un rendez-vous cl\u00e9 pour votre avenir \u00e0 La Poste"},"content":{"rendered":"<p>En 2026, l\u2019entretien professionnel devient l\u2019Entretien de Parcours Professionnel (EPP). Ce rendez-vous essentiel permet \u00e0 chaque collaborateur de faire le point sur son parcours, ses comp\u00e9tences et ses aspirations, afin de construire un projet professionnel r\u00e9aliste et motivant.<\/p>\n<p>L\u2019EPP vise \u00e0 identifier les besoins en d\u00e9veloppement de comp\u00e9tences, \u00e0 mieux conna\u00eetre les m\u00e9tiers et fonctions qui recrutent et \u00e0 pr\u00e9parer une \u00e9volution ou une mobilit\u00e9 professionnelle. Il s\u2019appuie sur un projet clair, r\u00e9alisable \u00e0 court terme et fond\u00e9 sur des actions concr\u00e8tes (formations, exp\u00e9riences, missions).<\/p>\n<p>Des entretiens renforc\u00e9s sont pr\u00e9vus \u00e0 des moments cl\u00e9s de la carri\u00e8re, notamment \u00e0 44\u201345 ans (mi-carri\u00e8re) et \u00e0 58\u201359 ans, pour aborder l\u2019adaptation du poste, la fin de carri\u00e8re ou les perspectives d\u2019\u00e9volution.<\/p>\n<p>La campagne EPP 2026 se d\u00e9roule du 8 janvier au 31 mars 2026. Les informations recueillies contribueront \u00e0 la revue du personnel et des talents.<\/p>\n<p><strong><span>La CFTC La Poste accompagne les postiers dans cette d\u00e9marche et les encourage \u00e0 \u00eatre acteurs de leur entretien afin de r\u00e9ussir leur \u00e9volution professionnelle.<\/span><\/strong><\/p>\n<p>L\u2019article <a href=\"https:\/\/www.cftcmediaplus.fr\/postes\/lentretien-de-parcours-professionnel-epp-un-rendez-vous-cle-pour-votre-avenir-a-la-poste\">L\u2019entretien de parcours professionnel (EPP) : un rendez-vous cl\u00e9 pour votre avenir \u00e0 La Poste<\/a> est apparu en premier sur <a href=\"https:\/\/www.cftcmediaplus.fr\/\">CFTC Media Plus<\/a>.<\/p>\n","protected":false},"excerpt":{"rendered":"<p>En 2026, l\u2019entretien professionnel devient l\u2019Entretien de Parcours Professionnel (EPP). Ce rendez-vous essentiel permet \u00e0 chaque collaborateur de faire le point sur son parcours, ses comp\u00e9tences et ses aspirations, afin de construire un projet professionnel r\u00e9aliste et motivant. L\u2019EPP vise \u00e0 identifier les besoins en d\u00e9veloppement de comp\u00e9tences, \u00e0 mieux conna\u00eetre les m\u00e9tiers et fonctions [&hellip;]<\/p>\n","protected":false},"author":0,"featured_media":0,"comment_status":"open","ping_status":"open","sticky":false,"template":"","format":"standard","meta":[],"categories":[1],"tags":[],"_links":{"self":[{"href":"https:\/\/cftc-syntec.fr\/testimport\/wp-json\/wp\/v2\/posts\/5244"}],"collection":[{"href":"https:\/\/cftc-syntec.fr\/testimport\/wp-json\/wp\/v2\/posts"}],"about":[{"href":"https:\/\/cftc-syntec.fr\/testimport\/wp-json\/wp\/v2\/types\/post"}],"replies":[{"embeddable":true,"href":"https:\/\/cftc-syntec.fr\/testimport\/wp-json\/wp\/v2\/comments?post=5244"}],"version-history":[{"count":0,"href":"https:\/\/cftc-syntec.fr\/testimport\/wp-json\/wp\/v2\/posts\/5244\/revisions"}],"wp:attachment":[{"href":"https:\/\/cftc-syntec.fr\/testimport\/wp-json\/wp\/v2\/media?parent=5244"}],"wp:term":[{"taxonomy":"category","embeddable":true,"href":"https:\/\/cftc-syntec.fr\/testimport\/wp-json\/wp\/v2\/categories?post=5244"},{"taxonomy":"post_tag","embeddable":true,"href":"https:\/\/cftc-syntec.fr\/testimport\/wp-json\/wp\/v2\/tags?post=5244"}],"curies":[{"name":"wp","href":"https:\/\/api.w.org\/{rel}","templated":true}]}}