{"id":5246,"date":"2026-01-19T09:07:29","date_gmt":"2026-01-19T08:07:29","guid":{"rendered":"https:\/\/cftc-syntec.fr\/testimport\/retour-sur-les-evenements-marquants-de-2025\/"},"modified":"2026-01-19T09:07:29","modified_gmt":"2026-01-19T08:07:29","slug":"retour-sur-les-evenements-marquants-de-2025","status":"publish","type":"post","link":"https:\/\/cftc-syntec.fr\/testimport\/retour-sur-les-evenements-marquants-de-2025\/","title":{"rendered":"RETOUR SUR LES \u00c9V\u00c8NEMENTS MARQUANTS DE 2025"},"content":{"rendered":"<p><strong>Janvier<\/strong><br \/><strong>Repr\u00e9sentativit\u00e9 dans nos branches<\/strong><br \/>\nAvec 9,40 %, notre f\u00e9d\u00e9ration est repr\u00e9sentative, m\u00eame si la situation reste \u00e0 consolider. Les branches au-dessus des 8 % sont nos points d\u2019appui, tandis que les secteurs moins actifs offrent des marges de progression o\u00f9 nous devons renforcer notre pr\u00e9sence pour stabiliser notre poids global.<\/p>\n<p><strong>Mars\u00a0<br \/>\nUn s\u00e9minaire cl\u00e9 pour dynamiser l\u2019action CFTC \u00e0 la Poste<br \/><\/strong>Le s\u00e9minaire des 6 et 7 mars a r\u00e9uni les repr\u00e9sentants CFTC La Poste autour d\u2019un bilan de l\u2019ann\u00e9e \u00e9coul\u00e9e et de la pr\u00e9paration des prochaines \u00e9ch\u00e9ances. Apr\u00e8s la pr\u00e9sentation des responsables de la F\u00e9d\u00e9ration et de la SNLP, les participants ont analys\u00e9 les r\u00e9sultats des \u00e9lections et \u00e9chang\u00e9 gr\u00e2ce aux t\u00e9moignages d\u2019\u00e9lus lors d\u2019une table ronde. L\u2019intervention de Fr\u00e9d\u00e9ric Melle, DSC de Bouygues T\u00e9l\u00e9com, a apport\u00e9 un \u00e9clairage ext\u00e9rieur sur le fonctionnement des mandats dans une autre entreprise.<\/p>\n<p><strong>Un nouveau syndicat poste-t\u00e9l\u00e9coms en Centre-Val de Loire \u00e0 Saint-Avertin<\/strong><br \/>\nLe 25 mars, 22 adh\u00e9rents des secteurs Postes et T\u00e9l\u00e9communications se sont r\u00e9unis \u00e0 Saint-Avertin pour adopter les statuts et \u00e9lire le conseil du nouveau syndicat Centre-Val de Loire. Le bureau \u00e9lu r\u00e9unit V\u00e9ronique Paquet (pr\u00e9sidente), Carline Loubier (secr\u00e9taire g\u00e9n\u00e9rale), Fran\u00e7ois<br \/>\nAubin (tr\u00e9sorier) et Olivier Louise (secr\u00e9taire g\u00e9n\u00e9ral adjoint T\u00e9l\u00e9coms), en pr\u00e9sence de repr\u00e9sentants de la F\u00e9d\u00e9ration et de l\u2019URS.<br \/>\nCette AG marque l\u2019aboutissement de deux ans de travail et met fin \u00e0 la situation d\u2019adh\u00e9rents isol\u00e9s dans la r\u00e9gion. La F\u00e9d\u00e9ration f\u00e9licite les \u00e9lus et r\u00e9affirme son soutien au nouveau syndicat.<\/p>\n<p><strong>Mai<br \/>\nLa nouvelle SNLP veut obtenir 10% aux \u00e9lections CSE<br \/><\/strong>Le 19 mai, la Section Nationale La Poste a \u00e9lu sa nouvelle \u00e9quipe et pr\u00e9sent\u00e9 un projet ambitieux\u202f: atteindre 10 % aux prochaines \u00e9lections CSE. Chantal Bonhoure (pr\u00e9sidente) et Corinne Cochard (secr\u00e9taire) ont \u00e9t\u00e9 r\u00e9\u00e9lues, tandis que Christian Eltz\u00e9 devient vice-pr\u00e9sident et Yasser Bouhout secr\u00e9taire adjoint. Mobilis\u00e9e et d\u00e9termin\u00e9e, la section se pr\u00e9pare activement \u00e0 porter haut les couleurs de la CFTC lors des prochaines \u00e9ch\u00e9ances.<\/p>\n<p><strong>Juin<br \/>\nAssembl\u00e9e g\u00e9n\u00e9rale CFTC Postes T\u00e9l\u00e9coms M\u00e9dias COM \u00e0 Caen<br \/><\/strong>Le 2 juin, le syndicat CFTC Postes T\u00e9l\u00e9coms M\u00e9dias COM Calvados-OrneManche a tenu son assembl\u00e9e g\u00e9n\u00e9rale pour faire le bilan des actions, \u00e9changer sur les enjeux \u00e0 venir et renouveler son conseil. Le nouveau bureau est compos\u00e9 de S\u00e9bastien Anfray, pr\u00e9sident, Fabienne Berger, 1\u02b3\u1d49 vice-pr\u00e9sidente, Maryvonne Segouin, 2\u1d49 vice-pr\u00e9sidente, Marie-No\u00eblle Bourhis, secr\u00e9taire, Sabine Martin et Christelle Gayet, secr\u00e9taires adjointes, et Christel Chapron et V\u00e9ronique Tanguy, tr\u00e9sori\u00e8res. Il est pr\u00eat \u00e0 relever les d\u00e9fis des quatre prochaines ann\u00e9es avec coh\u00e9sion et motivation.<\/p>\n<p><strong>Fusion PACAC Alpes-Maritimes :un nouveau syndicat pour la r\u00e9gion<br \/><\/strong>Le 6 juin \u00e0 Marseille, l\u2019Assembl\u00e9e g\u00e9n\u00e9rale a officiellement valid\u00e9 la fusion des syndicats Postes-T\u00e9l\u00e9coms PACAC et Alpes-Maritimes. Un nouveau conseil syndical a \u00e9t\u00e9 \u00e9lu, avec un bureau compos\u00e9 de Alain Macina (pr\u00e9sident), Agn\u00e8s Georges (secr\u00e9taire g\u00e9n\u00e9rale), Wilfried Lario<br \/>\n(tr\u00e9sorier), Fabrice Brunet et \u00c9ric Schmitt (vice-pr\u00e9sidents), Fr\u00e9d\u00e9ric Derre (secr\u00e9taire g\u00e9n\u00e9ral adjoint) et Thierry Patenne (membre).<\/p>\n<p><strong>AG du syndicat T\u00e9l\u00e9coms \u00cele-de-France \u00e0 Issy-les-Moulineaux<br \/><\/strong>Le 12 juin, plus de 100 adh\u00e9rents et invit\u00e9s ont particip\u00e9 \u00e0 l\u2019assembl\u00e9e g\u00e9n\u00e9rale du syndicat T\u00e9l\u00e9coms \u00cele-de-France. Apr\u00e8s l\u2019adoption des statuts et des rapports d\u2019activit\u00e9 et de tr\u00e9sorerie, l\u2019AG a \u00e9lu le nouveau conseil, reconduisant l\u2019\u00e9quipe sortante : Thierry Geoffrin (pr\u00e9sident), C\u00e9cilia Pereira (secr\u00e9taire g\u00e9n\u00e9rale) et Karim Matri (tr\u00e9sorier).<\/p>\n<p><strong>L\u2019AG du syndicat \u00cele-de-France Poste<br \/><\/strong>Le 24 juin 2025 \u00e0 Paris, une cinquantaine de participants s\u2019est r\u00e9uni dans une ambiance constructive. En pr\u00e9sence de repr\u00e9sentants de la F\u00e9d\u00e9ration Media+ et de la Section Nationale La Poste, un bilan positif de la mandature a \u00e9t\u00e9 dress\u00e9. Les statuts mis \u00e0 jour, ainsi que les rapports d\u2019activit\u00e9 et financier, ont \u00e9t\u00e9 approuv\u00e9s, et le tr\u00e9sorier a re\u00e7u quitus. Un conseil de 19 membres et un nouveau bureau ont \u00e9t\u00e9 \u00e9lus, avec Torsten Gardian comme pr\u00e9sident. Le syndicat poursuit son engagement aupr\u00e8s des agents avec une \u00e9quipe renouvel\u00e9e.<\/p>\n<p><strong>Juillet<br \/>\nLe congr\u00e8s du SNAJ salue une premi\u00e8re mandature r\u00e9ussie<\/strong><\/p>\n<p>Le 4 juillet, le SNAJ CFTC a tenu son congr\u00e8s \u00e9lectif \u00e0 Boulogne, en pr\u00e9sence de la F\u00e9d\u00e9ration. Apr\u00e8s une premi\u00e8re mandature issue de la fusion de 2021, les participants ont salu\u00e9 le rebond du syndicat depuis 2023, marqu\u00e9 par de nouvelles implantations et d\u2019excellents r\u00e9sultats dans plusieurs entreprises du secteur. Malgr\u00e9 un contexte audiovisuel tr\u00e8s instable (projets de fusion avort\u00e9s, PSE, \u00e9volution des conventions collectives, gr\u00e8ve dans la production, enjeux de repr\u00e9sentativit\u00e9), le syndicat a poursuivi une d\u00e9fense active des salari\u00e9s, notamment via ses \u00e9lus en prud\u2019hommes, en commissions professionnelles et dans les n\u00e9gociations de branche.<\/p>\n<p>Les motions d\u2019orientation pour la prochaine mandature s\u2019articulent autour de trois axes : repr\u00e9sentativit\u00e9, proximit\u00e9, innovation, avec une attention particuli\u00e8re \u00e0 l\u2019innovation syndicale, aux droits et \u00e0 l\u2019IA.<br \/>\nL\u2019\u00e9quipe sortante a \u00e9t\u00e9 reconduite : Imane Harraoui (pr\u00e9sidente), Maximilien De Libera (secr\u00e9taire), JeanFran\u00e7ois Laidin (tr\u00e9sorier), ainsi que les vice-pr\u00e9sidents, secr\u00e9taires adjointes et la tr\u00e9sori\u00e8re adjointe.<\/p>\n<p><strong>Septembre &amp; Octobre\u00a0<br \/>\nLa CFTC mobilis\u00e9e pour plus d\u2019\u00e9quit\u00e9 et de justice sociale<br \/><\/strong>Les 18 septembre et 2 octobre, la CFTC \u00e9tait pr\u00e9sente dans les rues aux c\u00f4t\u00e9s de l\u2019intersyndicale pour d\u00e9fendre plus d\u2019\u00e9quit\u00e9 fiscale et le droit pour chacun de vivre dignement de son travail. \u00c0 Paris comme en r\u00e9gion, les militants ont fait entendre leurs voix pour r\u00e9clamer une meilleure reconnaissance du travail, une juste r\u00e9partition des efforts et des politiques \u00e9conomiques plus solidaires. Fid\u00e8le \u00e0 ses valeurs de dialogue et de responsabilit\u00e9, la CFTC a rappel\u00e9 que la justice sociale et la dignit\u00e9 des travailleurs doivent rester au c\u0153ur des priorit\u00e9s nationales.<\/p>\n<p><strong>Novembre\u00a0<br \/>\nFusion des syndicats Postes &amp; T\u00e9l\u00e9coms Lorraine -Champagne-Ardenne<\/strong><\/p>\n<p>Le 20 novembre, l\u2019assembl\u00e9e g\u00e9n\u00e9rale de fusion des syndicats de Lorraine et de Champagne-Ardenne s\u2019est tenue dans le cadre prestigieux du stade du FC Metz, r\u00e9unissant une soixantaine de participants de La Poste, Orange et Solocal. La nouvelle \u00e9quipe du Syndicat LCA des Postes et T\u00e9l\u00e9coms a \u00e9t\u00e9 \u00e9lue, apr\u00e8s l\u2019adoption des rapports d\u2019activit\u00e9 et financier, qui ont soulign\u00e9 les d\u00e9fis li\u00e9s \u00e0 l\u2019\u00e9largissement constant des p\u00e9rim\u00e8tres de direction.<br \/>\nL\u2019apr\u00e8s-midi a \u00e9t\u00e9 conviviale, rythm\u00e9e par une tombola aux couleurs du club messin. Le nouveau bureau est compos\u00e9 de Cathy Lamboule (pr\u00e9sidente), Fabien Mazzoni (secr\u00e9taire) et Murielle Freyermuth (tr\u00e9sori\u00e8re).<\/p>\n<p><strong>AG du syndicat CFTC Postes &amp; T\u00e9l\u00e9coms Bourgogne<br \/><\/strong>L\u2019Assembl\u00e9e g\u00e9n\u00e9rale s\u2019est d\u00e9roul\u00e9e, le 21 novembre, dans une ambiance constructive et unanime. Les statuts ont \u00e9t\u00e9 adopt\u00e9s et, sur 9 votants, 11 membres ont \u00e9t\u00e9 \u00e9lus au conseil, confirmant la coh\u00e9sion du syndicat. Le nouveau bureau r\u00e9unit Sandrine Garcia (pr\u00e9sidente), Sonia Gigot (vice-pr\u00e9sidente), Fabrice Walliser (secr\u00e9taire), Julie Lefol (tr\u00e9sori\u00e8re) et Sylvie Marilly (tr\u00e9sori\u00e8re adjointe). Laurence Naudin devient repr\u00e9sentante des retrait\u00e9s, tandis que Aude Michelot et Annie Masson ont \u00e9t\u00e9 d\u00e9sign\u00e9es v\u00e9rificatrices aux comptes.<\/p>\n<p><strong>S\u00e9minaire Bouygues T\u00e9l\u00e9com : Se retrouver, r\u00e9fl\u00e9chir et cr\u00e9er ensemble<br \/><\/strong>Les 25 et 26 novembre 2025, 39 repr\u00e9sentants CFTC de Bouygues Telecom se sont r\u00e9unis au Centre Port Royal pour un s\u00e9minaire plac\u00e9 sous le signe de la coh\u00e9sion et de l\u2019interactivit\u00e9. D\u00e8s l\u2019ouverture, les participants ont \u00e9chang\u00e9 autour des informations cl\u00e9s du Groupe et des valeurs qui les unissent, avant de se projeter vers les \u00e9lections professionnelles de 2026. <\/p>\n<p>La premi\u00e8re journ\u00e9e a laiss\u00e9 une large place aux ateliers cr\u00e9atifs, organis\u00e9s autour de trois th\u00e8mes : d\u00e9finir les axes de communication pour les mois pr\u00e9c\u00e9dents les \u00e9lections, imaginer l\u2019animation des panneaux \u00e9lectoraux et \u00e9laborer une strat\u00e9gie de goodies \u00e0 la fois utiles et porteurs des valeurs CFTC. La soir\u00e9e s\u2019est poursuivie dans une ambiance conviviale, entre jeux, d\u00eener et karaok\u00e9.<\/p>\n<p>Le lendemain, apr\u00e8s un temps d\u2019information sur l\u2019Union CFTC et le Groupe Bouygues, les \u00e9quipes ont finalis\u00e9 leurs<br \/>\ntravaux et pr\u00e9sent\u00e9 leurs propositions. Des id\u00e9es concr\u00e8tes et innovantes ont \u00e9merg\u00e9 pour accompagner les prochaines \u00e9ch\u00e9ances.<br \/>\nAu-del\u00e0 de l\u2019information, ce s\u00e9minaire a renforc\u00e9 la coh\u00e9sion, stimul\u00e9 la cr\u00e9ativit\u00e9 et permis de pr\u00e9parer ensemble<br \/>\nl\u2019avenir dans une ambiance chaleureuse et dynamique.<\/p>\n<p><strong>D\u00e9cembre\u00a0<br \/>\nAG du Comhiso <br \/><\/strong>AG du Comhiso s\u2019est tenue le 3 d\u00e9cembre \u00e0 Villejuif.<br \/>\nLes statuts ont \u00e9t\u00e9 actualis\u00e9s, les rapports d\u2019activit\u00e9 et financier adopt\u00e9s, et un nouveau conseil ainsi qu\u2019un bureau ont \u00e9t\u00e9 \u00e9lus : Thierry Patenne (pr\u00e9sident), Laurence Naudin (secr\u00e9taire g\u00e9n\u00e9rale), Eric Sauget (vice-pr\u00e9sident), Jacqueline Deneuve (secr\u00e9taire adjointe), Roger-Marie Mebrouk (tr\u00e9sorier), Fr\u00e9d\u00e9ric Derre (tr\u00e9sorier adjoint) <br \/>\nLe Comhiso, charg\u00e9 de pr\u00e9server et transmettre la m\u00e9moire sociale de la CFTC Media+ et de renforcer les liens entre actifs et retrait\u00e9s, poursuivra ses missions avec d\u00e9termination pour les quatre prochaines ann\u00e9es.<strong><br \/><\/strong><\/p>\n<p>L\u2019article <a href=\"https:\/\/www.cftcmediaplus.fr\/federation\/retour-sur-les-evenements-marquants-de-2025\">RETOUR SUR LES \u00c9V\u00c8NEMENTS MARQUANTS DE 2025<\/a> est apparu en premier sur <a href=\"https:\/\/www.cftcmediaplus.fr\/\">CFTC Media Plus<\/a>.<\/p>\n","protected":false},"excerpt":{"rendered":"<p>JanvierRepr\u00e9sentativit\u00e9 dans nos branches Avec 9,40 %, notre f\u00e9d\u00e9ration est repr\u00e9sentative, m\u00eame si la situation reste \u00e0 consolider. Les branches au-dessus des 8 % sont nos points d\u2019appui, tandis que les secteurs moins actifs offrent des marges de progression o\u00f9 nous devons renforcer notre pr\u00e9sence pour stabiliser notre poids global. Mars\u00a0 Un s\u00e9minaire cl\u00e9 pour [&hellip;]<\/p>\n","protected":false},"author":0,"featured_media":0,"comment_status":"open","ping_status":"open","sticky":false,"template":"","format":"standard","meta":[],"categories":[1],"tags":[],"_links":{"self":[{"href":"https:\/\/cftc-syntec.fr\/testimport\/wp-json\/wp\/v2\/posts\/5246"}],"collection":[{"href":"https:\/\/cftc-syntec.fr\/testimport\/wp-json\/wp\/v2\/posts"}],"about":[{"href":"https:\/\/cftc-syntec.fr\/testimport\/wp-json\/wp\/v2\/types\/post"}],"replies":[{"embeddable":true,"href":"https:\/\/cftc-syntec.fr\/testimport\/wp-json\/wp\/v2\/comments?post=5246"}],"version-history":[{"count":0,"href":"https:\/\/cftc-syntec.fr\/testimport\/wp-json\/wp\/v2\/posts\/5246\/revisions"}],"wp:attachment":[{"href":"https:\/\/cftc-syntec.fr\/testimport\/wp-json\/wp\/v2\/media?parent=5246"}],"wp:term":[{"taxonomy":"category","embeddable":true,"href":"https:\/\/cftc-syntec.fr\/testimport\/wp-json\/wp\/v2\/categories?post=5246"},{"taxonomy":"post_tag","embeddable":true,"href":"https:\/\/cftc-syntec.fr\/testimport\/wp-json\/wp\/v2\/tags?post=5246"}],"curies":[{"name":"wp","href":"https:\/\/api.w.org\/{rel}","templated":true}]}}