{"id":5259,"date":"2026-01-21T16:12:23","date_gmt":"2026-01-21T15:12:23","guid":{"rendered":"https:\/\/cftc-syntec.fr\/testimport\/capgemini-un-plan-qui-pourrait-supprimer-jusqua-2-400-emplois-en-fran\/"},"modified":"2026-01-21T16:12:23","modified_gmt":"2026-01-21T15:12:23","slug":"capgemini-un-plan-qui-pourrait-supprimer-jusqua-2-400-emplois-en-fran","status":"publish","type":"post","link":"https:\/\/cftc-syntec.fr\/testimport\/capgemini-un-plan-qui-pourrait-supprimer-jusqua-2-400-emplois-en-fran\/","title":{"rendered":"Capgemini : un plan qui pourrait supprimer jusqu\u2019\u00e0 2 400 emplois en Fran"},"content":{"rendered":"<p><span><strong>Annonce du projet<\/strong><\/span><\/p>\n<p>Les \u00e9lus CFTC ont \u00e9t\u00e9 inform\u00e9s du projet de la Direction de Capgemini intitul\u00e9 <em>\u00ab Plan d\u2019adaptation des comp\u00e9tences et des m\u00e9tiers \u00bb<\/em>.<\/p>\n<p>Ce projet concerne les entit\u00e9s fran\u00e7aises du groupe (UES Capgemini et UES Altran).<\/p>\n<p>Dans les faits, il s\u2019agit d\u2019un plan de r\u00e9duction des effectifs, qui pourrait aller jusqu\u2019\u00e0 2 400 suppressions de postes. La Direction indique que ces suppressions seraient en partie compens\u00e9es par des mesures de mobilit\u00e9 interne, g\u00e9ographique et\/ou de comp\u00e9tences.<\/p>\n<p>La Direction explique ce projet par une situation de march\u00e9 d\u00e9grad\u00e9e, notamment dans certains secteurs comme l\u2019automobile, ainsi que par les \u00e9volutions technologiques : d\u00e9veloppement du SaaS, internalisation chez les clients, offshore et intelligence artificielle.<\/p>\n<p>Ce plan pourrait concerner la quasi-totalit\u00e9 des p\u00e9rim\u00e8tres, soit environ 35 000 salari\u00e9s en France.<\/p>\n<p><span><strong>Le point de vue de la CFTC<\/strong><\/span><\/p>\n<p>La CFTC constate depuis plusieurs mois une baisse progressive des effectifs et du chiffre d\u2019affaires. Jusqu\u2019\u00e0 pr\u00e9sent, cette \u00e9volution semblait ma\u00eetris\u00e9e. L\u2019annonce de ce projet pose donc question et n\u00e9cessite d\u2019\u00eatre v\u00e9rifi\u00e9e.<\/p>\n<p>Nous allons notamment analyser le lien entre la mobilit\u00e9 interne annonc\u00e9e et les d\u00e9parts externes, en particulier via une Rupture Conventionnelle Collective (RCC).<\/p>\n<p>\u00c0 ce stade, la r\u00e9duction r\u00e9elle des effectifs vis\u00e9e par la Direction n\u2019est pas clairement pr\u00e9cis\u00e9e.<\/p>\n<p>M\u00eame si la Direction insiste sur le volontariat, cette annonce reste source d\u2019inqui\u00e9tude pour les salari\u00e9s. Pour la CFTC, il est indispensable de disposer d\u2019\u00e9l\u00e9ments concrets et chiffr\u00e9s, notamment lors du CSEC du 29 janvier, avant de se positionner et d\u2019agir.<\/p>\n<p><span><strong>Les prochaines \u00e9tapes<\/strong><\/span><\/p>\n<p>La CFTC sera particuli\u00e8rement attentive :<\/p>\n<p>au respect du volontariat,<\/p>\n<p>aux conditions financi\u00e8res propos\u00e9es,<\/p>\n<p>aux moyens de formation et d\u2019accompagnement,<\/p>\n<p>aux dispositifs de mobilit\u00e9 interne et externe.<\/p>\n<p>Une attention particuli\u00e8re sera \u00e9galement port\u00e9e aux salari\u00e9s qui resteront dans l\u2019entreprise.<\/p>\n<p>La CFTC participera \u00e0 la n\u00e9gociation de l\u2019accord-cadre, dont l\u2019ouverture est pr\u00e9vue le 5 f\u00e9vrier et restera mobilis\u00e9e tout au long de ce projet.<\/p>\n<p>L\u2019article <a href=\"https:\/\/www.cftcmediaplus.fr\/numerique\/capgemini-un-plan-qui-pourrait-supprimer-jusqua-2-400-emplois-en-fran\">Capgemini : un plan qui pourrait supprimer jusqu\u2019\u00e0 2 400 emplois en Fran<\/a> est apparu en premier sur <a href=\"https:\/\/www.cftcmediaplus.fr\/\">CFTC Media Plus<\/a>.<\/p>\n","protected":false},"excerpt":{"rendered":"<p>Annonce du projet Les \u00e9lus CFTC ont \u00e9t\u00e9 inform\u00e9s du projet de la Direction de Capgemini intitul\u00e9 \u00ab Plan d\u2019adaptation des comp\u00e9tences et des m\u00e9tiers \u00bb. Ce projet concerne les entit\u00e9s fran\u00e7aises du groupe (UES Capgemini et UES Altran). Dans les faits, il s\u2019agit d\u2019un plan de r\u00e9duction des effectifs, qui pourrait aller jusqu\u2019\u00e0 2 [&hellip;]<\/p>\n","protected":false},"author":0,"featured_media":0,"comment_status":"open","ping_status":"open","sticky":false,"template":"","format":"standard","meta":[],"categories":[1],"tags":[],"_links":{"self":[{"href":"https:\/\/cftc-syntec.fr\/testimport\/wp-json\/wp\/v2\/posts\/5259"}],"collection":[{"href":"https:\/\/cftc-syntec.fr\/testimport\/wp-json\/wp\/v2\/posts"}],"about":[{"href":"https:\/\/cftc-syntec.fr\/testimport\/wp-json\/wp\/v2\/types\/post"}],"replies":[{"embeddable":true,"href":"https:\/\/cftc-syntec.fr\/testimport\/wp-json\/wp\/v2\/comments?post=5259"}],"version-history":[{"count":0,"href":"https:\/\/cftc-syntec.fr\/testimport\/wp-json\/wp\/v2\/posts\/5259\/revisions"}],"wp:attachment":[{"href":"https:\/\/cftc-syntec.fr\/testimport\/wp-json\/wp\/v2\/media?parent=5259"}],"wp:term":[{"taxonomy":"category","embeddable":true,"href":"https:\/\/cftc-syntec.fr\/testimport\/wp-json\/wp\/v2\/categories?post=5259"},{"taxonomy":"post_tag","embeddable":true,"href":"https:\/\/cftc-syntec.fr\/testimport\/wp-json\/wp\/v2\/tags?post=5259"}],"curies":[{"name":"wp","href":"https:\/\/api.w.org\/{rel}","templated":true}]}}