{"id":5272,"date":"2026-02-16T12:09:12","date_gmt":"2026-02-16T11:09:12","guid":{"rendered":"https:\/\/cftc-syntec.fr\/testimport\/cenpa-prolongation-du-redressement-judiciaire-et-suivi-syndical\/"},"modified":"2026-02-16T12:09:12","modified_gmt":"2026-02-16T11:09:12","slug":"cenpa-prolongation-du-redressement-judiciaire-et-suivi-syndical","status":"publish","type":"post","link":"https:\/\/cftc-syntec.fr\/testimport\/cenpa-prolongation-du-redressement-judiciaire-et-suivi-syndical\/","title":{"rendered":"CENPA : prolongation du redressement judiciaire et suivi syndical"},"content":{"rendered":"<p>Cenpa, papeterie alsacienne fond\u00e9e en 1793 et sp\u00e9cialis\u00e9e dans le carton, traverse une p\u00e9riode difficile. Plac\u00e9e en redressement judiciaire depuis d\u00e9cembre 2024, l\u2019entreprise avait connu en 2025 une restructuration lourde avec 38 \u00e0 40 d\u00e9parts, et un recentrage sur les produits d\u2019hygi\u00e8ne les plus rentables. La production avait commenc\u00e9 \u00e0 repartir, et plusieurs repreneurs avaient montr\u00e9 leur int\u00e9r\u00eat.<\/p>\n<p>Le 12 janvier 2026, le Tribunal de commerce a accord\u00e9 une prolongation de la p\u00e9riode de redressement judiciaire jusqu\u2019en juin 2026 (au-del\u00e0 de l\u2019\u00e9ch\u00e9ance initiale du 9 f\u00e9vrier), offrant plus de temps pour stabiliser l\u2019activit\u00e9 et pr\u00e9parer une reprise durable.<\/p>\n<p>Comme pr\u00e9c\u00e9demment, la CFTC MEDIA+ et le syndicat SNPPELAC suivent de pr\u00e8s le dossier, vigilants \u00e0 la protection des emplois et des conditions de travail.<\/p>\n<p>La CFTC MEDIA+ et le SNPPELAC r\u00e9affirment leur solidarit\u00e9 et leur engagement pour la sauvegarde des emplois et le soutien aux salari\u00e9s et \u00e0 leurs familles.<\/p>\n<p>\u00a0<\/p>\n<p>L\u2019article <a href=\"https:\/\/www.cftcmediaplus.fr\/papier-carton\/cenpa-prolongation-du-redressement-judiciaire-et-suivi-syndical\">CENPA : prolongation du redressement judiciaire et suivi syndical<\/a> est apparu en premier sur <a href=\"https:\/\/www.cftcmediaplus.fr\/\">CFTC Media Plus<\/a>.<\/p>\n","protected":false},"excerpt":{"rendered":"<p>Cenpa, papeterie alsacienne fond\u00e9e en 1793 et sp\u00e9cialis\u00e9e dans le carton, traverse une p\u00e9riode difficile. Plac\u00e9e en redressement judiciaire depuis d\u00e9cembre 2024, l\u2019entreprise avait connu en 2025 une restructuration lourde avec 38 \u00e0 40 d\u00e9parts, et un recentrage sur les produits d\u2019hygi\u00e8ne les plus rentables. La production avait commenc\u00e9 \u00e0 repartir, et plusieurs repreneurs avaient [&hellip;]<\/p>\n","protected":false},"author":0,"featured_media":0,"comment_status":"open","ping_status":"open","sticky":false,"template":"","format":"standard","meta":[],"categories":[1],"tags":[],"_links":{"self":[{"href":"https:\/\/cftc-syntec.fr\/testimport\/wp-json\/wp\/v2\/posts\/5272"}],"collection":[{"href":"https:\/\/cftc-syntec.fr\/testimport\/wp-json\/wp\/v2\/posts"}],"about":[{"href":"https:\/\/cftc-syntec.fr\/testimport\/wp-json\/wp\/v2\/types\/post"}],"replies":[{"embeddable":true,"href":"https:\/\/cftc-syntec.fr\/testimport\/wp-json\/wp\/v2\/comments?post=5272"}],"version-history":[{"count":0,"href":"https:\/\/cftc-syntec.fr\/testimport\/wp-json\/wp\/v2\/posts\/5272\/revisions"}],"wp:attachment":[{"href":"https:\/\/cftc-syntec.fr\/testimport\/wp-json\/wp\/v2\/media?parent=5272"}],"wp:term":[{"taxonomy":"category","embeddable":true,"href":"https:\/\/cftc-syntec.fr\/testimport\/wp-json\/wp\/v2\/categories?post=5272"},{"taxonomy":"post_tag","embeddable":true,"href":"https:\/\/cftc-syntec.fr\/testimport\/wp-json\/wp\/v2\/tags?post=5272"}],"curies":[{"name":"wp","href":"https:\/\/api.w.org\/{rel}","templated":true}]}}