{"id":5279,"date":"2026-02-27T11:06:25","date_gmt":"2026-02-27T10:06:25","guid":{"rendered":"https:\/\/cftc-syntec.fr\/testimport\/8-mars-la-france-doit-sengager-pleinement-pour-legalite-femmes-hommes\/"},"modified":"2026-02-27T11:06:25","modified_gmt":"2026-02-27T10:06:25","slug":"8-mars-la-france-doit-sengager-pleinement-pour-legalite-femmes-hommes","status":"publish","type":"post","link":"https:\/\/cftc-syntec.fr\/testimport\/8-mars-la-france-doit-sengager-pleinement-pour-legalite-femmes-hommes\/","title":{"rendered":"8 mars : La France doit s\u2019engager pleinement pour l\u2019\u00e9galit\u00e9 femmes-hommes"},"content":{"rendered":"<p>Les in\u00e9galit\u00e9s entre les femmes et les hommes persistent dans nos entreprises et nos services publics. Et les femmes continuent \u00e0 \u00eatre les premi\u00e8res impact\u00e9es par les coupes budg\u00e9taires.<\/p>\n<p>La directive europ\u00e9enne 2023\/970 transparence des r\u00e9mun\u00e9rations vise \u00e0 \u00ab renforcer l\u2019application du principe de l\u2019\u00e9galit\u00e9 des r\u00e9mun\u00e9rations entre les femmes et les hommes pour un m\u00eame travail ou un travail de m\u00eame valeur par la transparence des r\u00e9mun\u00e9rations et les m\u00e9canismes d\u2019application du droit \u00bb. En transposant int\u00e9gralement cette directive, la France a une occasion historique de franchir une \u00e9tape pour l\u2019\u00e9galit\u00e9.<\/p>\n<p>Nous exigeons une application ambitieuse de cette directive pour enfin obtenir :<\/p>\n<p>l\u2019\u00e9galit\u00e9 des r\u00e9mun\u00e9rations et des carri\u00e8res entre les femmes et les hommes<br \/>\nla revalorisation des m\u00e9tiers \u00e0 pr\u00e9dominance f\u00e9minine.<\/p>\n<p>L\u2019\u00e9galit\u00e9 entre les femmes et les hommes est au fondement de notre soci\u00e9t\u00e9 et des droits humains. Il est n\u00e9cessaire aujourd\u2019hui d\u2019avancer et de permettre aux femmes d\u2019\u00eatre enfin les \u00e9gales des hommes. Cela passe en premier lieu par l\u2019\u00e9galit\u00e9 entre les femmes et les hommes au travail o\u00f9 persistent des in\u00e9galit\u00e9s structurelles parfaitement identifi\u00e9es par la recherche et par nos organisations syndicales. Parmi elles, la s\u00e9gr\u00e9gation professionnelle tient une place particuli\u00e8re au sens o\u00f9 elle est la premi\u00e8re cause de ces in\u00e9galit\u00e9s sociales.<\/p>\n<p>Il est donc imp\u00e9ratif de reconna\u00eetre la valeur du travail des femmes, particuli\u00e8rement dans les emplois o\u00f9 elles sont les plus nombreuses et de revoir en profondeur les classifications des emplois souvent \u00e9tablis avec des biais sexistes.<\/p>\n<p>Ce travail d\u2019examen et le cas \u00e9ch\u00e9ant de r\u00e9vision des grilles de classifications doit se faire partout par la n\u00e9gociation collective, dans les branches professionnelles et\/ou les entreprises et les grilles de la fonction publique.<\/p>\n<p>P\u00e9nalis\u00e9es au travail durant leur carri\u00e8re, les femmes le sont encore plus \u00e0 la retraite. Les organisations syndicales ont obtenu la suspension de l\u2019application de la derni\u00e8re r\u00e9forme. Cela ne vaut pas pour solde de tout compte, nos organisations, comme l\u2019immense majorit\u00e9 des travailleuses et travailleurs, restent oppos\u00e9s \u00e0 cette r\u00e9forme injuste.<\/p>\n<p>Nous avons besoin de services publics de qualit\u00e9 et renforc\u00e9s pour r\u00e9pondre aux besoins notamment dans la prise en charge de la petite enfance et la d\u00e9pendance qui p\u00e8sent essentiellement sur les femmes. Revaloriser les m\u00e9tiers f\u00e9minis\u00e9s du soin et du lien, investir dans la socialisation des charges domestiques sont des vecteurs essentiels pour r\u00e9pondre aux besoins de la population et permettre l\u2019\u00e9mancipation des femmes, l\u2019\u00e9galit\u00e9 entre les femmes et les hommes au travail et dans la vie. Il faut aussi agir pour une meilleure articulation vie professionnelle \/ vie personnelle en particulier en prenant des mesures fortes afin que les femmes ne soient plus oblig\u00e9es de conc\u00e9der au temps partiel. Dans la Fonction publique, les 10 % de d\u00e9cote salariale en cas de cong\u00e9s de maladie ordinaire, appliqu\u00e9 y compris aux femmes enceintes, comme le projet envisag\u00e9 de r\u00e9duction du nombre de jours de cong\u00e9s \u00ab enfant malade \u00bb est une attaque inacceptable contre les droits des femmes.<\/p>\n<p>Enfin, le combat contre les violences sexistes et sexuelles reste une exigence et un pr\u00e9requis \u00e0 toute \u00e9galit\u00e9 femmes-hommes. Nos organisations d\u00e9fendent une augmentation des moyens affect\u00e9s \u00e0 la lutte contre ces violences, dans les entreprises, les administrations, les sph\u00e8res priv\u00e9es et publiques et les r\u00e9seaux sociaux. L\u00e0 aussi, il faut transposer sans attendre la directive europ\u00e9enne 2024\/1385 sur la lutte contre la violence \u00e0 l\u2019\u00e9gard des femmes et la violence domestique.<\/p>\n<p><strong>Pour toutes ces raisons, partout en France, le 8 mars 2026 sera l\u2019occasion de nous mobiliser sous toutes les formes pour rappeler que l\u2019\u00e9galit\u00e9 r\u00e9elle entre les femmes et les hommes est un enjeu social et d\u00e9mocratique.<\/strong><\/p>\n<p>L\u2019article <a href=\"https:\/\/www.cftcmediaplus.fr\/syndicats\/8-mars-la-france-doit-sengager-pleinement-pour-legalite-femmes-hommes\">8 mars : La France doit s\u2019engager pleinement pour l\u2019\u00e9galit\u00e9 femmes-hommes<\/a> est apparu en premier sur <a href=\"https:\/\/www.cftcmediaplus.fr\/\">CFTC Media Plus<\/a>.<\/p>\n","protected":false},"excerpt":{"rendered":"<p>Les in\u00e9galit\u00e9s entre les femmes et les hommes persistent dans nos entreprises et nos services publics. Et les femmes continuent \u00e0 \u00eatre les premi\u00e8res impact\u00e9es par les coupes budg\u00e9taires. La directive europ\u00e9enne 2023\/970 transparence des r\u00e9mun\u00e9rations vise \u00e0 \u00ab renforcer l\u2019application du principe de l\u2019\u00e9galit\u00e9 des r\u00e9mun\u00e9rations entre les femmes et les hommes pour un [&hellip;]<\/p>\n","protected":false},"author":0,"featured_media":0,"comment_status":"open","ping_status":"open","sticky":false,"template":"","format":"standard","meta":[],"categories":[1],"tags":[],"_links":{"self":[{"href":"https:\/\/cftc-syntec.fr\/testimport\/wp-json\/wp\/v2\/posts\/5279"}],"collection":[{"href":"https:\/\/cftc-syntec.fr\/testimport\/wp-json\/wp\/v2\/posts"}],"about":[{"href":"https:\/\/cftc-syntec.fr\/testimport\/wp-json\/wp\/v2\/types\/post"}],"replies":[{"embeddable":true,"href":"https:\/\/cftc-syntec.fr\/testimport\/wp-json\/wp\/v2\/comments?post=5279"}],"version-history":[{"count":0,"href":"https:\/\/cftc-syntec.fr\/testimport\/wp-json\/wp\/v2\/posts\/5279\/revisions"}],"wp:attachment":[{"href":"https:\/\/cftc-syntec.fr\/testimport\/wp-json\/wp\/v2\/media?parent=5279"}],"wp:term":[{"taxonomy":"category","embeddable":true,"href":"https:\/\/cftc-syntec.fr\/testimport\/wp-json\/wp\/v2\/categories?post=5279"},{"taxonomy":"post_tag","embeddable":true,"href":"https:\/\/cftc-syntec.fr\/testimport\/wp-json\/wp\/v2\/tags?post=5279"}],"curies":[{"name":"wp","href":"https:\/\/api.w.org\/{rel}","templated":true}]}}