{"id":5295,"date":"2026-04-03T12:08:23","date_gmt":"2026-04-03T10:08:23","guid":{"rendered":"https:\/\/cftc-syntec.fr\/testimport\/galette-des-rois-au-lemnys\/"},"modified":"2026-04-03T12:08:23","modified_gmt":"2026-04-03T10:08:23","slug":"galette-des-rois-au-lemnys","status":"publish","type":"post","link":"https:\/\/cftc-syntec.fr\/testimport\/galette-des-rois-au-lemnys\/","title":{"rendered":"Galette des rois au Lemnys"},"content":{"rendered":"<p><strong>Le 8 janvier 2026, pr\u00e8s de 70 coll\u00e8gues se sont r\u00e9unis au Lemnys afin de partager les valeurs de la CFTC autour d\u2019une galette des rois. Cet \u00e9v\u00e9nement convivial et festif a permis de mieux faire conna\u00eetre les Activit\u00e9s Sociales et Culturelles <\/strong><strong>(ASC) et a favoris\u00e9 les \u00e9changes avec les coll\u00e8gues.<\/strong><\/p>\n<p>De nombreux repr\u00e9sentants et acteurs engag\u00e9s \u00e9taient pr\u00e9sents pour faire de ce rendez-vous un v\u00e9ritable succ\u00e8s :<\/p>\n<p><strong>Torsten Gardian et Estelle Lemonnier (CSE Si\u00e8ge Groupe), Philippe Jacquot, R\u00e9jane Begouen, Val\u00e9rie Comprelle, Emmanuel Deudon, Val\u00e8re Centaure (CSE Si\u00e8ge BSCC Supports), Bertrand Keip (La Banque Postale) ainsi que Chantal Bonhoure, (pr\u00e9sidente de la SNLP).<\/strong><\/p>\n<p>\u00a0Gr\u00e2ce \u00e0 leur implication, une ambiance propice au dialogue et au partage a \u00e9t\u00e9 cr\u00e9\u00e9e. En amont, des tracts ont \u00e9t\u00e9 distribu\u00e9s dans les espaces partag\u00e9s et bureaux du Lemnys afin d\u2019inviter largement les coll\u00e8gues \u00e0 participer.<\/p>\n<p>L\u2019id\u00e9e de cette Galette des Rois est n\u00e9e d\u2019une proposition de R\u00e9jane Begouen lors d\u2019une Heure d\u2019Information Syndicale (HIS) ouverte aux CSE repr\u00e9sentatifs.<\/p>\n<p>Avec Chantal Bonhoure, il a ensuite \u00e9t\u00e9 d\u00e9cid\u00e9 d\u2019y participer activement et d\u2019inviter les agents du p\u00e9rim\u00e8tre CSE Si\u00e8ge Groupe. Le choix de janvier et la volont\u00e9 de valoriser certaines valeurs humaines et chr\u00e9tiennes ont naturellement conduit \u00e0 organiser cet \u00e9v\u00e9nement autour de la galette des rois.<\/p>\n<\/p>\n<p>\u00a0<\/p>\n<p>L\u2019objectif \u00e9tait double : renforcer la visibilit\u00e9 de la CFTC aupr\u00e8s des coll\u00e8gues et d\u00e9montrer concr\u00e8tement l\u2019utilit\u00e9 de l\u2019adh\u00e9sion, notamment en mati\u00e8re d\u2019ASC.<\/p>\n<p>Les r\u00e9sultats sont d\u00e9j\u00e0 visibles : de nombreux agents sollicitent des informations compl\u00e9mentaires, les groupes Teams continuent de se d\u00e9velopper et plusieurs adh\u00e9sions ont \u00e9t\u00e9 enregistr\u00e9es \u00e0 l\u2019issue de la HIS, confirmant l\u2019impact positif de cette action.<\/p>\n<p>L\u2019\u00e9v\u00e9nement a \u00e9t\u00e9 pr\u00e9par\u00e9 en mode projet. Corinne Cochard (secr\u00e9taire de la SNLP) et Chantal Bonhoure ont g\u00e9r\u00e9 la commande des goodies, tandis que les \u00e9quipes CSE Si\u00e8ge Groupe et BSCC Support Si\u00e8ge ont assur\u00e9 la logistique.<\/p>\n<p>Au total, neuf adh\u00e9rents et sympathisants se sont mobilis\u00e9s pour l\u2019organisation et la distribution des supports sur plusieurs jours, garantissant une forte participation.<\/p>\n<p>\u00a0Au-del\u00e0 de l\u2019information, cette rencontre a renforc\u00e9 les liens entre les participants et favoris\u00e9 la transparence, la confiance et la motivation collective. Les retours sont tr\u00e8s encourageants : nouvelles adh\u00e9sions, nouveaux sympathisants et constitution de listes de contacts par direction sur Teams.<\/p>\n<p>Forte de ce succ\u00e8s, cette initiative a \u00e9t\u00e9 renouvel\u00e9e \u00e0 Brune, \u00e0 l\u2019occasion de la Chandeleur, ainsi qu\u2019\u00e0 Nantes \u00cele Mabon en f\u00e9vrier.<\/p>\n<p>Avec la CFTC, c\u2019est du concret, du partage et de la convivialit\u00e9, au service des coll\u00e8gues et de leurs attentes.<\/p>\n<p>L\u2019article <a href=\"https:\/\/www.cftcmediaplus.fr\/numerique\/galette-des-rois-au-lemnys\">Galette des rois au Lemnys<\/a> est apparu en premier sur <a href=\"https:\/\/www.cftcmediaplus.fr\/\">CFTC Media Plus<\/a>.<\/p>\n","protected":false},"excerpt":{"rendered":"<p>Le 8 janvier 2026, pr\u00e8s de 70 coll\u00e8gues se sont r\u00e9unis au Lemnys afin de partager les valeurs de la CFTC autour d\u2019une galette des rois. Cet \u00e9v\u00e9nement convivial et festif a permis de mieux faire conna\u00eetre les Activit\u00e9s Sociales et Culturelles (ASC) et a favoris\u00e9 les \u00e9changes avec les coll\u00e8gues. De nombreux repr\u00e9sentants et [&hellip;]<\/p>\n","protected":false},"author":0,"featured_media":0,"comment_status":"open","ping_status":"open","sticky":false,"template":"","format":"standard","meta":[],"categories":[1],"tags":[],"_links":{"self":[{"href":"https:\/\/cftc-syntec.fr\/testimport\/wp-json\/wp\/v2\/posts\/5295"}],"collection":[{"href":"https:\/\/cftc-syntec.fr\/testimport\/wp-json\/wp\/v2\/posts"}],"about":[{"href":"https:\/\/cftc-syntec.fr\/testimport\/wp-json\/wp\/v2\/types\/post"}],"replies":[{"embeddable":true,"href":"https:\/\/cftc-syntec.fr\/testimport\/wp-json\/wp\/v2\/comments?post=5295"}],"version-history":[{"count":0,"href":"https:\/\/cftc-syntec.fr\/testimport\/wp-json\/wp\/v2\/posts\/5295\/revisions"}],"wp:attachment":[{"href":"https:\/\/cftc-syntec.fr\/testimport\/wp-json\/wp\/v2\/media?parent=5295"}],"wp:term":[{"taxonomy":"category","embeddable":true,"href":"https:\/\/cftc-syntec.fr\/testimport\/wp-json\/wp\/v2\/categories?post=5295"},{"taxonomy":"post_tag","embeddable":true,"href":"https:\/\/cftc-syntec.fr\/testimport\/wp-json\/wp\/v2\/tags?post=5295"}],"curies":[{"name":"wp","href":"https:\/\/api.w.org\/{rel}","templated":true}]}}