{"id":5297,"date":"2026-04-03T12:08:23","date_gmt":"2026-04-03T10:08:23","guid":{"rendered":"https:\/\/cftc-syntec.fr\/testimport\/interview-de-christophe-ecollan\/"},"modified":"2026-04-03T12:08:23","modified_gmt":"2026-04-03T10:08:23","slug":"interview-de-christophe-ecollan","status":"publish","type":"post","link":"https:\/\/cftc-syntec.fr\/testimport\/interview-de-christophe-ecollan\/","title":{"rendered":"INTERVIEW DE CHRISTOPHE ECOLLAN"},"content":{"rendered":"<p><strong>Christophe Ecollan, repr\u00e9sentant du personnel et militant CFTC, confie \u00e0 notre magazine son parcours, ses responsabilit\u00e9s et son exp\u00e9rience de conseiller prud\u2019homal, qu\u2019il s\u2019attache \u00e0 transmettre avec conviction.<\/strong><\/p>\n<p>Salari\u00e9 chez Accenture, repr\u00e9sentant du personnel et militant CFTC depuis plus de vingt-cinq ans, Christophe Ecollan incarne un engagement syndical fid\u00e8le aux valeurs de dialogue, de responsabilit\u00e9 et de justice sociale. Conseiller prud\u2019homal \u00e0 Paris, il \u0153uvre chaque jour pour une justice du travail \u00e9quilibr\u00e9e, ind\u00e9pendante et profond\u00e9ment humaine. C\u2019est lui qui, au d\u00e9but des ann\u00e9es 2000, a cr\u00e9\u00e9 la section CFTC chez Accenture. Depuis, son investissement n\u2019a cess\u00e9 de s\u2019\u00e9largir. Vice-pr\u00e9sident au sein de diff\u00e9rentes structures (Union d\u00e9partementale de Paris, Union r\u00e9gionale \u00cele-de-France), conseiller f\u00e9d\u00e9ral \u00e0 M\u00e9dia+, membre de la Commission des conflits de la Conf\u00e9d\u00e9ration, il contribue activement \u00e0 la vie de notre organisation. Son r\u00f4le au sein de la Commission des conflits illustre pleinement l\u2019esprit CFTC : privil\u00e9gier la m\u00e9diation, apaiser les tensions, rechercher des solutions \u00e9quilibr\u00e9es lorsque des diff\u00e9rends apparaissent entre organisations syndicales.<\/p>\n<p><strong>Comment fonctionne le conseil de prud\u2019hommes ?<\/strong><\/p>\n<p>\u00a0Le conseil de prud\u2019hommes permet de r\u00e9gler les litiges li\u00e9s au contrat de travail, qu\u2019ils concernent un salari\u00e9 ou un employeur. La proc\u00e9dure d\u00e9bute syst\u00e9matiquement par une tentative de conciliation. En cas d\u2019\u00e9chec, l\u2019affaire est examin\u00e9e par un bureau de jugement compos\u00e9 de repr\u00e9sentants des salari\u00e9s et des employeurs. \u00ab Notre r\u00f4le, c\u2019est d\u2019\u00e9couter les deux parties et de nous prononcer uniquement sur les faits \u00bb, explique Christophe Ecollan. Il rappelle \u00e9galement l\u2019importance des d\u00e9lais l\u00e9gaux : toute action doit \u00eatre faite dans un temps pr\u00e9cis. \u00ab Sinon, l\u2019action n\u2019est plus recevable. \u00bb<\/p>\n<p><strong>Comment rester fid\u00e8le aux faits dans des situations parfois complexes ?<\/strong><\/p>\n<p>\u00catre conseiller prud\u2019homal implique une grande rigueur. Christophe Ecollan insiste sur la n\u00e9cessit\u00e9 de ne jamais se laisser influencer par l\u2019\u00e9motion ou par les discours des parties. \u00ab On peut \u00eatre touch\u00e9 par une situation. Mais nos seuls indicateurs, ce sont les faits. \u00bb L\u2019empathie, naturelle face \u00e0 certaines situations humaines difficiles, peut devenir un risque pour l\u2019objectivit\u00e9. Les avocats, parfois tr\u00e8s persuasifs, peuvent \u00e9galement influencer la perception des dossiers. Le juge prud\u2019homal doit donc maintenir une distance professionnelle constante.<\/p>\n<p><strong>En quoi la formation est-elle essentielle dans l\u2019exercice de cette mission ?<\/strong><\/p>\n<p>\u00a0La CFTC accorde une grande importance \u00e0 la formation de ses conseillers prud\u2019homaux. Christophe Ecollan met en avant la qualit\u00e9 des formations propos\u00e9es, qui portent notamment sur la m\u00e9thode de travail, l\u2019analyse des dossiers, la prise de notes et la compr\u00e9hension des \u00e9volutions de la loi. Conscient des interrogations des nouveaux \u00e9lus, il souhaite \u00e9galement renforcer les \u00e9changes entre conseillers exp\u00e9riment\u00e9s et d\u00e9butants. \u00ab\u202fL\u2019exp\u00e9rience des uns doit servir aux autres. C\u2019est comme cela que nous progressons collectivement.\u202f\u00bb Ces temps d\u2019\u00e9change permettent d\u2019aborder des sujets techniques (bar\u00e8me Macron, article 700, r\u00e9daction des d\u00e9cisions), mais aussi des questions pratiques li\u00e9es \u00e0 la posture du juge.<\/p>\n<p><strong>Les conseillers prud\u2019homaux sont-ils totalement ind\u00e9pendants ?<\/strong><\/p>\n<p>Christophe Ecollan tient \u00e0 rappeler un point essentiel\u202f: les conseillers prud\u2019homaux sont totalement ind\u00e9pendants dans leurs d\u00e9cisions. \u00ab On n\u2019a pas de doctrine impos\u00e9e. On n\u2019a aucune obligation de vote. On est compl\u00e8tement ind\u00e9pendants. \u00bb M\u00eame si les conseillers \u00e9changent entre eux, chacun reste libre de sa d\u00e9cision. Cette autonomie garantit la cr\u00e9dibilit\u00e9 et la l\u00e9gitimit\u00e9 du conseil de prud\u2019hommes.<\/p>\n<p><strong>En quoi cet engagement refl\u00e8te-t-il les valeurs de la CFTC ?<\/strong><\/p>\n<p>\u00a0\u00c0 travers son engagement, Christophe Ecollan illustre pleinement les valeurs port\u00e9es par la F\u00e9d\u00e9ration CFTC Media+ : responsabilit\u00e9, dialogue social, solidarit\u00e9 et professionnalisme. Son parcours montre que l\u2019engagement syndical ne se limite pas \u00e0 la n\u00e9gociation collective mais qu\u2019il passe aussi par des responsabilit\u00e9s judiciaires exigeantes. Marqu\u00e9 par la rigueur, le partage d\u2019exp\u00e9rience et l\u2019ind\u00e9pendance, son engagement illustre l\u2019importance d\u2019un investissement dans la dur\u00e9e.<\/p>\n<p><strong>Pourquoi vouloir cr\u00e9er un groupe entre anciens et nouveaux conseillers prud\u2019homaux ?<\/strong><\/p>\n<p>Le 12 f\u00e9vrier dernier, Christophe Ecollan a adress\u00e9 un courriel \u00e0 l\u2019ensemble des conseillers prud\u2019homaux de notre f\u00e9d\u00e9ration pour proposer la cr\u00e9ation d\u2019un groupe au sein de la F\u00e9d\u00e9ration CFTC Media+. L\u2019objectif de ce groupe est de favoriser les \u00e9changes et le partage d\u2019exp\u00e9rience entre les nouveaux et les anciens \u00e9lus. Nous suivrons avec attention l\u2019\u00e9volution de ce groupe et observerons l\u2019impact positif qu\u2019il pourrait avoir sur la qualit\u00e9 et la solidarit\u00e9 au sein de la justice prud\u2019homale dans notre F\u00e9d\u00e9ration.<\/p>\n<\/p>\n<p>L\u2019article <a href=\"https:\/\/www.cftcmediaplus.fr\/numerique\/interview-de-christophe-ecollan\">INTERVIEW DE CHRISTOPHE ECOLLAN<\/a> est apparu en premier sur <a href=\"https:\/\/www.cftcmediaplus.fr\/\">CFTC Media Plus<\/a>.<\/p>\n","protected":false},"excerpt":{"rendered":"<p>Christophe Ecollan, repr\u00e9sentant du personnel et militant CFTC, confie \u00e0 notre magazine son parcours, ses responsabilit\u00e9s et son exp\u00e9rience de conseiller prud\u2019homal, qu\u2019il s\u2019attache \u00e0 transmettre avec conviction. Salari\u00e9 chez Accenture, repr\u00e9sentant du personnel et militant CFTC depuis plus de vingt-cinq ans, Christophe Ecollan incarne un engagement syndical fid\u00e8le aux valeurs de dialogue, de responsabilit\u00e9 [&hellip;]<\/p>\n","protected":false},"author":0,"featured_media":0,"comment_status":"open","ping_status":"open","sticky":false,"template":"","format":"standard","meta":[],"categories":[1],"tags":[],"_links":{"self":[{"href":"https:\/\/cftc-syntec.fr\/testimport\/wp-json\/wp\/v2\/posts\/5297"}],"collection":[{"href":"https:\/\/cftc-syntec.fr\/testimport\/wp-json\/wp\/v2\/posts"}],"about":[{"href":"https:\/\/cftc-syntec.fr\/testimport\/wp-json\/wp\/v2\/types\/post"}],"replies":[{"embeddable":true,"href":"https:\/\/cftc-syntec.fr\/testimport\/wp-json\/wp\/v2\/comments?post=5297"}],"version-history":[{"count":0,"href":"https:\/\/cftc-syntec.fr\/testimport\/wp-json\/wp\/v2\/posts\/5297\/revisions"}],"wp:attachment":[{"href":"https:\/\/cftc-syntec.fr\/testimport\/wp-json\/wp\/v2\/media?parent=5297"}],"wp:term":[{"taxonomy":"category","embeddable":true,"href":"https:\/\/cftc-syntec.fr\/testimport\/wp-json\/wp\/v2\/categories?post=5297"},{"taxonomy":"post_tag","embeddable":true,"href":"https:\/\/cftc-syntec.fr\/testimport\/wp-json\/wp\/v2\/tags?post=5297"}],"curies":[{"name":"wp","href":"https:\/\/api.w.org\/{rel}","templated":true}]}}