{"id":5298,"date":"2026-04-03T12:08:23","date_gmt":"2026-04-03T10:08:23","guid":{"rendered":"https:\/\/cftc-syntec.fr\/testimport\/editorial-13\/"},"modified":"2026-04-03T12:08:23","modified_gmt":"2026-04-03T10:08:23","slug":"editorial-13","status":"publish","type":"post","link":"https:\/\/cftc-syntec.fr\/testimport\/editorial-13\/","title":{"rendered":"\u00c9DITORIAL"},"content":{"rendered":"<p><strong>Pour une souverainet\u00e9 \u00e9conomique corr\u00e9lative \u00e0 notre performance sociale <\/strong><\/p>\n<p>Alors que le sujet de la reconqu\u00eate de la souverainet\u00e9 de nos outils et de nos productions nationales est sur toutes les l\u00e8vres, nous avons jug\u00e9 important de nous pencher dans ce nouveau num\u00e9ro du Lien syndical sur ce qui fait la souverainet\u00e9 de nos m\u00e9tiers et au-del\u00e0 de leur richesse et de nos savoir-faire. Au sein du num\u00e9rique, la porosit\u00e9 des champs g\u00e9ographiques est extr\u00eame, et c\u2019est \u00e9galement le cas de la plupart de nos technologies, IA en t\u00eate. Accenture vient, par exemple, de subordonner les promotions de ses salari\u00e9s \u00e0 l\u2019utilisation des outils d\u2019intelligence artificielle. Devant les difficult\u00e9s de productions rencontr\u00e9es par nos entreprises et en vue de soutenir la souverainet\u00e9 industrielle de la France, la CFTC a particip\u00e9 fin janvier au lancement de l\u2019Alliance du fabriqu\u00e9 en France (AFF) aux c\u00f4t\u00e9s de la CPME, de plusieurs entrepreneurs et partenaires sociaux. Il s\u2019agit de trouver des solutions pour conserver la cr\u00e9ation en France, qui va cr\u00e9er en moyenne trois fois plus d\u2019emplois que ce qui sera achet\u00e9 \u00e0 l\u2019ext\u00e9rieur, en agissant, par exemple, sur la commande publique, la coordination des acteurs europ\u00e9ens, l\u2019exigence sur les crit\u00e8res techniques et la formation.<\/p>\n<p>La souverainet\u00e9 passe aussi par les technologies que nous ma\u00eetrisons et pour lesquelles nous sommes form\u00e9s ; celles utilis\u00e9es dans le secteur des t\u00e9l\u00e9communications se succ\u00e8dent par vagues et nous avions d\u00e9j\u00e0 eu l\u2019occasion de soulever la question des reconversions de nos coll\u00e8gues mal ou peu pens\u00e9es aupr\u00e8s de C\u00e9dric O, alors Secr\u00e9taire d\u2019\u00c9tat charg\u00e9 du Num\u00e9rique. Que dire \u00e9galement de la captation de nos donn\u00e9es par les grandes firmes num\u00e9riques extra-europ\u00e9ennes et des nombreuses fuites de donn\u00e9es et des cyberattaques, dont les services publics et les entreprises font les frais (derni\u00e8rement \u00e0 La Poste et chez France Travail) ?<\/p>\n<p>Quant au secteur de l\u2019audiovisuel et de la presse, nous devons nous inqui\u00e9ter de l\u2019acc\u00e9l\u00e9ration de la concentration des m\u00e9dias et de la domination croissante des grandes plateformes num\u00e9riques, qui captent une part majeure des contenus et des revenus publicitaires gr\u00e2ce \u00e0 nos donn\u00e9es. Les supports num\u00e9riques, au d\u00e9triment de l\u2019investigation, entretiennent l\u2019illusion d\u2019une information gratuite et accessible \u00e0 tous. Les lois, notamment celle de 1986, ne sont plus adapt\u00e9es\u00a0: l\u2019aide \u00e0 la presse doit \u00eatre repens\u00e9e, les droits voisins et la charte \u00e9thique renforc\u00e9s, tout comme le r\u00f4le de l\u2019ARCOM. D\u00e9j\u00e0 dans les ann\u00e9es 1980, Edgar Morin \u00e9voquait le \u00ab\u00a0nuage informationnel\u00a0\u00bb, anticipant les d\u00e9rives actuelles (affaiblissement de la qualit\u00e9 de l\u2019information et perte du professionnalisme). Aujourd\u2019hui, la surabondance d\u2019informations, la d\u00e9sinformation et la fragilisation financi\u00e8re des m\u00e9dias publics et priv\u00e9s posent de graves enjeux d\u00e9mocratiques. Il est n\u00e9cessaire de prot\u00e9ger des journalistes toujours plus contraints, de lutter contre la pr\u00e9carisation des jeunes professionnels ; dont 40 % quittent le m\u00e9tier apr\u00e8s sept ans ; et de subordonner les aides aux progr\u00e8s sociaux et \u00e9ditoriaux.<\/p>\n<p>Limiter notre vuln\u00e9rabilit\u00e9 et d\u00e9passer le court-termisme impos\u00e9 par les march\u00e9s est devenu une urgence. M\u00eame les g\u00e9ants du num\u00e9rique, pourtant porteurs d\u2019emplois, sont touch\u00e9s par des plans sociaux, comme Capgemini. Malgr\u00e9 nos actions sur les Comit\u00e9s d\u2019Entreprises Europ\u00e9ens, la consultation reste incompl\u00e8te ; comme l\u2019illustre le cas de Verizon ; et le dialogue social demeure fragilis\u00e9 au c\u0153ur des rapports de pouvoir.<\/p>\n<p>Parall\u00e8lement aux enjeux de souverainet\u00e9, nous soutenons la Journ\u00e9e internationale du droit des femmes du 8 mars, qui r\u00e9affirme l\u2019\u00e9galit\u00e9 dans le monde du travail. Nous continuerons \u00e0 d\u00e9fendre la directive sur la transparence salariale, enjeu majeur de nos normes sociales. La simplification ne doit pas devenir un simplisme synonyme de recul social. \u00c0 la CFTC, nous affirmons que performance \u00e9conomique et performance sociale sont indissociables.<\/p>\n<p>\u00a0<\/p>\n<p>L\u2019article <a href=\"https:\/\/www.cftcmediaplus.fr\/federation\/editorial-14\">\u00c9DITORIAL<\/a> est apparu en premier sur <a href=\"https:\/\/www.cftcmediaplus.fr\/\">CFTC Media Plus<\/a>.<\/p>\n","protected":false},"excerpt":{"rendered":"<p>Pour une souverainet\u00e9 \u00e9conomique corr\u00e9lative \u00e0 notre performance sociale Alors que le sujet de la reconqu\u00eate de la souverainet\u00e9 de nos outils et de nos productions nationales est sur toutes les l\u00e8vres, nous avons jug\u00e9 important de nous pencher dans ce nouveau num\u00e9ro du Lien syndical sur ce qui fait la souverainet\u00e9 de nos m\u00e9tiers [&hellip;]<\/p>\n","protected":false},"author":0,"featured_media":0,"comment_status":"open","ping_status":"open","sticky":false,"template":"","format":"standard","meta":[],"categories":[1],"tags":[],"_links":{"self":[{"href":"https:\/\/cftc-syntec.fr\/testimport\/wp-json\/wp\/v2\/posts\/5298"}],"collection":[{"href":"https:\/\/cftc-syntec.fr\/testimport\/wp-json\/wp\/v2\/posts"}],"about":[{"href":"https:\/\/cftc-syntec.fr\/testimport\/wp-json\/wp\/v2\/types\/post"}],"replies":[{"embeddable":true,"href":"https:\/\/cftc-syntec.fr\/testimport\/wp-json\/wp\/v2\/comments?post=5298"}],"version-history":[{"count":0,"href":"https:\/\/cftc-syntec.fr\/testimport\/wp-json\/wp\/v2\/posts\/5298\/revisions"}],"wp:attachment":[{"href":"https:\/\/cftc-syntec.fr\/testimport\/wp-json\/wp\/v2\/media?parent=5298"}],"wp:term":[{"taxonomy":"category","embeddable":true,"href":"https:\/\/cftc-syntec.fr\/testimport\/wp-json\/wp\/v2\/categories?post=5298"},{"taxonomy":"post_tag","embeddable":true,"href":"https:\/\/cftc-syntec.fr\/testimport\/wp-json\/wp\/v2\/tags?post=5298"}],"curies":[{"name":"wp","href":"https:\/\/api.w.org\/{rel}","templated":true}]}}