{"id":5301,"date":"2026-04-13T11:06:42","date_gmt":"2026-04-13T09:06:42","guid":{"rendered":"https:\/\/cftc-syntec.fr\/testimport\/ag-aquitaine-5-fevrier-2026\/"},"modified":"2026-04-13T11:06:42","modified_gmt":"2026-04-13T09:06:42","slug":"ag-aquitaine-5-fevrier-2026","status":"publish","type":"post","link":"https:\/\/cftc-syntec.fr\/testimport\/ag-aquitaine-5-fevrier-2026\/","title":{"rendered":"AG Aquitaine \u2013 5 f\u00e9vrier 2026"},"content":{"rendered":"<p>L\u2019AG du syndicat CFTC Media+ Aquitaine s\u2019est tenue dans les locaux de l\u2019Union D\u00e9partementale de Gironde \u00e0 Bordeaux, dans une ambiance conviviale. Les adh\u00e9rents ont examin\u00e9 les rapports moral, d\u2019activit\u00e9 et financier, avant d\u2019\u00e9lire le nouveau Conseil R\u00e9gional pour un mandat de quatre ans. Les \u00e9changes ont port\u00e9 sur les actualit\u00e9s de La Poste, Orange, Bouygues Telecom et Solocal, notamment sur les enjeux d\u2019organisation et de mobilit\u00e9 des sites.<\/p>\n<p>Cette AG a \u00e9t\u00e9 marqu\u00e9e par les interventions de Waguih Yahya (UD33) et d\u2019Anne Chatain, pr\u00e9sidente de la F\u00e9d\u00e9ration, rappelant les priorit\u00e9s syndicales et les enjeux nationaux.<\/p>\n<p>Un nouveau bureau r\u00e9gional a \u00e9t\u00e9 \u00e9lu : Gabriel Chapelle (pr\u00e9sident d\u2019honneur), St\u00e9phanie Lastapis (pr\u00e9sidente), Bruno Favard (vice-pr\u00e9sident), Jimy Marchand (secr\u00e9taire g\u00e9n\u00e9ral), Jean-Marc Vidal (secr\u00e9taire adjoint), Aur\u00e9lia Lequeux (tr\u00e9sori\u00e8re) et Lo\u00efc Dumas (tr\u00e9sorier adjoint).<\/p>\n<p>L\u2019article <a href=\"https:\/\/www.cftcmediaplus.fr\/federation\/ag-aquitaine-5-fevrier-2026\">AG Aquitaine \u2013 5 f\u00e9vrier 2026<\/a> est apparu en premier sur <a href=\"https:\/\/www.cftcmediaplus.fr\/\">CFTC Media Plus<\/a>.<\/p>\n","protected":false},"excerpt":{"rendered":"<p>L\u2019AG du syndicat CFTC Media+ Aquitaine s\u2019est tenue dans les locaux de l\u2019Union D\u00e9partementale de Gironde \u00e0 Bordeaux, dans une ambiance conviviale. Les adh\u00e9rents ont examin\u00e9 les rapports moral, d\u2019activit\u00e9 et financier, avant d\u2019\u00e9lire le nouveau Conseil R\u00e9gional pour un mandat de quatre ans. Les \u00e9changes ont port\u00e9 sur les actualit\u00e9s de La Poste, Orange, [&hellip;]<\/p>\n","protected":false},"author":0,"featured_media":0,"comment_status":"open","ping_status":"open","sticky":false,"template":"","format":"standard","meta":[],"categories":[1],"tags":[],"_links":{"self":[{"href":"https:\/\/cftc-syntec.fr\/testimport\/wp-json\/wp\/v2\/posts\/5301"}],"collection":[{"href":"https:\/\/cftc-syntec.fr\/testimport\/wp-json\/wp\/v2\/posts"}],"about":[{"href":"https:\/\/cftc-syntec.fr\/testimport\/wp-json\/wp\/v2\/types\/post"}],"replies":[{"embeddable":true,"href":"https:\/\/cftc-syntec.fr\/testimport\/wp-json\/wp\/v2\/comments?post=5301"}],"version-history":[{"count":0,"href":"https:\/\/cftc-syntec.fr\/testimport\/wp-json\/wp\/v2\/posts\/5301\/revisions"}],"wp:attachment":[{"href":"https:\/\/cftc-syntec.fr\/testimport\/wp-json\/wp\/v2\/media?parent=5301"}],"wp:term":[{"taxonomy":"category","embeddable":true,"href":"https:\/\/cftc-syntec.fr\/testimport\/wp-json\/wp\/v2\/categories?post=5301"},{"taxonomy":"post_tag","embeddable":true,"href":"https:\/\/cftc-syntec.fr\/testimport\/wp-json\/wp\/v2\/tags?post=5301"}],"curies":[{"name":"wp","href":"https:\/\/api.w.org\/{rel}","templated":true}]}}