{"id":5306,"date":"2026-04-16T10:07:32","date_gmt":"2026-04-16T08:07:32","guid":{"rendered":"https:\/\/cftc-syntec.fr\/testimport\/ag-ues-sfr-12-fevrier-2026\/"},"modified":"2026-04-16T10:07:32","modified_gmt":"2026-04-16T08:07:32","slug":"ag-ues-sfr-12-fevrier-2026","status":"publish","type":"post","link":"https:\/\/cftc-syntec.fr\/testimport\/ag-ues-sfr-12-fevrier-2026\/","title":{"rendered":"AG UES SFR -12 f\u00e9vrier 2026"},"content":{"rendered":"<p>L\u2019AG de la section UES SFR s\u2019est tenue \u00e0 Paris, aux Espaces Diderot, en pr\u00e9sence de 39 participants.<\/p>\n<p>Ouverte par Thierry Patenne, repr\u00e9sentant de la F\u00e9d\u00e9ration, elle a permis de faire le bilan des actions men\u00e9es, notamment sur la pr\u00e9sence terrain, le d\u00e9veloppement des adh\u00e9sions et les r\u00e9sultats \u00e9lectoraux.<\/p>\n<p>\u00c0 l\u2019issue du vote, le bureau a \u00e9t\u00e9 reconduit : Franck Guede (pr\u00e9sident), Xavier Faure (secr\u00e9taire), Salima Bouaza (vice-pr\u00e9sidente) et Laurianne Horlaville (secr\u00e9taire adjointe).<\/p>\n<p>Les \u00e9changes ont \u00e9galement port\u00e9 sur l\u2019actualit\u00e9 de l\u2019entreprise, les n\u00e9gociations salariales, les \u00e9lections professionnelles de 2027 et les perspectives d\u2019action syndicale.<\/p>\n<\/p>\n<p>L\u2019article <a href=\"https:\/\/www.cftcmediaplus.fr\/federation\/ag-ues-sfr-12-fevrier-2026\">AG UES SFR -12 f\u00e9vrier 2026<\/a> est apparu en premier sur <a href=\"https:\/\/www.cftcmediaplus.fr\/\">CFTC Media Plus<\/a>.<\/p>\n","protected":false},"excerpt":{"rendered":"<p>L\u2019AG de la section UES SFR s\u2019est tenue \u00e0 Paris, aux Espaces Diderot, en pr\u00e9sence de 39 participants. Ouverte par Thierry Patenne, repr\u00e9sentant de la F\u00e9d\u00e9ration, elle a permis de faire le bilan des actions men\u00e9es, notamment sur la pr\u00e9sence terrain, le d\u00e9veloppement des adh\u00e9sions et les r\u00e9sultats \u00e9lectoraux. \u00c0 l\u2019issue du vote, le bureau [&hellip;]<\/p>\n","protected":false},"author":0,"featured_media":0,"comment_status":"open","ping_status":"open","sticky":false,"template":"","format":"standard","meta":[],"categories":[1],"tags":[],"_links":{"self":[{"href":"https:\/\/cftc-syntec.fr\/testimport\/wp-json\/wp\/v2\/posts\/5306"}],"collection":[{"href":"https:\/\/cftc-syntec.fr\/testimport\/wp-json\/wp\/v2\/posts"}],"about":[{"href":"https:\/\/cftc-syntec.fr\/testimport\/wp-json\/wp\/v2\/types\/post"}],"replies":[{"embeddable":true,"href":"https:\/\/cftc-syntec.fr\/testimport\/wp-json\/wp\/v2\/comments?post=5306"}],"version-history":[{"count":0,"href":"https:\/\/cftc-syntec.fr\/testimport\/wp-json\/wp\/v2\/posts\/5306\/revisions"}],"wp:attachment":[{"href":"https:\/\/cftc-syntec.fr\/testimport\/wp-json\/wp\/v2\/media?parent=5306"}],"wp:term":[{"taxonomy":"category","embeddable":true,"href":"https:\/\/cftc-syntec.fr\/testimport\/wp-json\/wp\/v2\/categories?post=5306"},{"taxonomy":"post_tag","embeddable":true,"href":"https:\/\/cftc-syntec.fr\/testimport\/wp-json\/wp\/v2\/tags?post=5306"}],"curies":[{"name":"wp","href":"https:\/\/api.w.org\/{rel}","templated":true}]}}