{"id":5307,"date":"2026-04-16T15:09:19","date_gmt":"2026-04-16T13:09:19","guid":{"rendered":"https:\/\/cftc-syntec.fr\/testimport\/la-cftc-engagee-pour-valoriser-les-metiers-de-la-distribution-papier-carton\/"},"modified":"2026-04-16T15:09:19","modified_gmt":"2026-04-16T13:09:19","slug":"la-cftc-engagee-pour-valoriser-les-metiers-de-la-distribution-papier-carton","status":"publish","type":"post","link":"https:\/\/cftc-syntec.fr\/testimport\/la-cftc-engagee-pour-valoriser-les-metiers-de-la-distribution-papier-carton\/","title":{"rendered":"La CFTC engag\u00e9e pour valoriser les m\u00e9tiers de la distribution papier-carton"},"content":{"rendered":"<p>La CFTC est fi\u00e8re d\u2019avoir pris part, aux c\u00f4t\u00e9s des organisations syndicales et patronales de la branche, \u00e0 la r\u00e9alisation d\u2019une vid\u00e9o collective dans le cadre de la Commission Paritaire Nationale de l\u2019Emploi et de la Formation Professionnelle (CPNEFP).<\/p>\n<p>\u00c0 travers l\u2019implication de ses repr\u00e9sentants, Mo\u00ebz Thabet, David Gauthier et Johann Decoux, la CFTC contribue activement aux travaux de cette instance essentielle, qui accompagne les \u00e9volutions des m\u00e9tiers, de l\u2019emploi et des comp\u00e9tences dans la branche.<\/p>\n<p>La CPNEFP joue un r\u00f4le cl\u00e9 : mieux comprendre les transformations du secteur, anticiper les besoins en comp\u00e9tences, et valoriser les parcours professionnels. C\u2019est dans cette dynamique qu\u2019a \u00e9t\u00e9 con\u00e7u ce projet vid\u00e9o, fruit d\u2019un travail collectif.<\/p>\n<p>Ce projet commun illustre la capacit\u00e9 des partenaires sociaux \u00e0 travailler ensemble pour promouvoir une vision concr\u00e8te et positive du secteur.<\/p>\n<p>Ce support met en lumi\u00e8re la diversit\u00e9 des m\u00e9tiers de la distribution Papier-Carton, mais aussi la richesse des savoir-faire qui font vivre la branche au quotidien. Il constitue un outil concret pour mieux faire conna\u00eetre ces m\u00e9tiers, susciter des vocations et accompagner le renouvellement des comp\u00e9tences.<\/p>\n<p><span><strong>Voir la vid\u00e9o<\/strong><\/span> :<\/p>\n<\/p>\n<p>\u00a0<\/p>\n<p>Pour la CFTC, cette d\u00e9marche s\u2019inscrit pleinement dans sa volont\u00e9 de promouvoir des parcours professionnels porteurs de sens, et de d\u00e9fendre une vision constructive du dialogue social, au service des salari\u00e9s comme des entreprises. Elle porte \u00e9galement une ambition de d\u00e9veloppement dans les autres branches majeures du secteur, notamment la production, la transformation et le cartonnage.<\/p>\n<p>Aujourd\u2019hui repr\u00e9sentative dans la branche distribution Papier-Carton<\/p>\n<p>, la CFTC poursuit son engagement avec une ambition claire : renforcer sa pr\u00e9sence dans les autres branches majeures du secteur, notamment la production, la transformation et le cartonnage.<\/p>\n<p>Parce que valoriser les m\u00e9tiers, c\u2019est aussi pr\u00e9parer l\u2019avenir, la CFTC continuera de s\u2019investir dans des projets collectifs qui donnent \u00e0 voir la r\u00e9alit\u00e9 du travail et mettent en avant celles et ceux qui le font vivre au quotidien.<\/p>\n<p>L\u2019article <a href=\"https:\/\/www.cftcmediaplus.fr\/papier-carton\/la-cftc-engagee-pour-valoriser-les-metiers-de-la-distribution-papier-carton\">La CFTC engag\u00e9e pour valoriser les m\u00e9tiers de la distribution papier-carton<\/a> est apparu en premier sur <a href=\"https:\/\/www.cftcmediaplus.fr\/\">CFTC Media Plus<\/a>.<\/p>\n","protected":false},"excerpt":{"rendered":"<p>La CFTC est fi\u00e8re d\u2019avoir pris part, aux c\u00f4t\u00e9s des organisations syndicales et patronales de la branche, \u00e0 la r\u00e9alisation d\u2019une vid\u00e9o collective dans le cadre de la Commission Paritaire Nationale de l\u2019Emploi et de la Formation Professionnelle (CPNEFP). \u00c0 travers l\u2019implication de ses repr\u00e9sentants, Mo\u00ebz Thabet, David Gauthier et Johann Decoux, la CFTC contribue [&hellip;]<\/p>\n","protected":false},"author":0,"featured_media":0,"comment_status":"open","ping_status":"open","sticky":false,"template":"","format":"standard","meta":[],"categories":[1],"tags":[],"_links":{"self":[{"href":"https:\/\/cftc-syntec.fr\/testimport\/wp-json\/wp\/v2\/posts\/5307"}],"collection":[{"href":"https:\/\/cftc-syntec.fr\/testimport\/wp-json\/wp\/v2\/posts"}],"about":[{"href":"https:\/\/cftc-syntec.fr\/testimport\/wp-json\/wp\/v2\/types\/post"}],"replies":[{"embeddable":true,"href":"https:\/\/cftc-syntec.fr\/testimport\/wp-json\/wp\/v2\/comments?post=5307"}],"version-history":[{"count":0,"href":"https:\/\/cftc-syntec.fr\/testimport\/wp-json\/wp\/v2\/posts\/5307\/revisions"}],"wp:attachment":[{"href":"https:\/\/cftc-syntec.fr\/testimport\/wp-json\/wp\/v2\/media?parent=5307"}],"wp:term":[{"taxonomy":"category","embeddable":true,"href":"https:\/\/cftc-syntec.fr\/testimport\/wp-json\/wp\/v2\/categories?post=5307"},{"taxonomy":"post_tag","embeddable":true,"href":"https:\/\/cftc-syntec.fr\/testimport\/wp-json\/wp\/v2\/tags?post=5307"}],"curies":[{"name":"wp","href":"https:\/\/api.w.org\/{rel}","templated":true}]}}