{"id":5308,"date":"2026-04-20T10:14:03","date_gmt":"2026-04-20T08:14:03","guid":{"rendered":"https:\/\/cftc-syntec.fr\/testimport\/ag-martinique-7-mars-2026\/"},"modified":"2026-04-20T10:14:03","modified_gmt":"2026-04-20T08:14:03","slug":"ag-martinique-7-mars-2026","status":"publish","type":"post","link":"https:\/\/cftc-syntec.fr\/testimport\/ag-martinique-7-mars-2026\/","title":{"rendered":"AG Martinique \u2013 7 mars 2026"},"content":{"rendered":"<p>L\u2019AG du syndicat de Martinique s\u2019est tenue \u00e0 Fort-de-France, dans une ambiance d\u00e9tendue et studieuse. 22 adh\u00e9rents pr\u00e9sents, avec 4 procurations, soit 26 votants. Les statuts ainsi que les rapports d\u2019activit\u00e9 et financier ont \u00e9t\u00e9 adopt\u00e9s \u00e0 l\u2019unanimit\u00e9.<\/p>\n<p>Un Conseil de 17 membres a \u00e9t\u00e9 \u00e9lu, dont Emmanuel Dentimille (moins de 35 ans) et Eddy Bloud, retrait\u00e9 et ancien secr\u00e9taire g\u00e9n\u00e9ral du syndicat. Le Conseil a ensuite \u00e9lu le bureau : Alix Thalien-Limery (pr\u00e9sidente), Rosa Chabon (secr\u00e9taire g\u00e9n\u00e9rale), Marie-Anna Braban (tr\u00e9sori\u00e8re), Josiane Biron (vice-pr\u00e9sidente), Andr\u00e9 Haman (secr\u00e9taire g\u00e9n\u00e9ral adjoint) et Samuel Trabaut (tr\u00e9sorier adjoint). Cette AG marque un renouvellement complet de l\u2019\u00e9quipe dirigeante, parfaitement orchestr\u00e9 par l\u2019\u00e9quipe sortante.<\/p>\n<p>L\u2019article <a href=\"https:\/\/www.cftcmediaplus.fr\/federation\/ag-martinique-7-mars-2026\">AG Martinique \u2013 7 mars 2026<\/a> est apparu en premier sur <a href=\"https:\/\/www.cftcmediaplus.fr\/\">CFTC Media Plus<\/a>.<\/p>\n","protected":false},"excerpt":{"rendered":"<p>L\u2019AG du syndicat de Martinique s\u2019est tenue \u00e0 Fort-de-France, dans une ambiance d\u00e9tendue et studieuse. 22 adh\u00e9rents pr\u00e9sents, avec 4 procurations, soit 26 votants. Les statuts ainsi que les rapports d\u2019activit\u00e9 et financier ont \u00e9t\u00e9 adopt\u00e9s \u00e0 l\u2019unanimit\u00e9. Un Conseil de 17 membres a \u00e9t\u00e9 \u00e9lu, dont Emmanuel Dentimille (moins de 35 ans) et Eddy [&hellip;]<\/p>\n","protected":false},"author":0,"featured_media":0,"comment_status":"open","ping_status":"open","sticky":false,"template":"","format":"standard","meta":[],"categories":[1],"tags":[],"_links":{"self":[{"href":"https:\/\/cftc-syntec.fr\/testimport\/wp-json\/wp\/v2\/posts\/5308"}],"collection":[{"href":"https:\/\/cftc-syntec.fr\/testimport\/wp-json\/wp\/v2\/posts"}],"about":[{"href":"https:\/\/cftc-syntec.fr\/testimport\/wp-json\/wp\/v2\/types\/post"}],"replies":[{"embeddable":true,"href":"https:\/\/cftc-syntec.fr\/testimport\/wp-json\/wp\/v2\/comments?post=5308"}],"version-history":[{"count":0,"href":"https:\/\/cftc-syntec.fr\/testimport\/wp-json\/wp\/v2\/posts\/5308\/revisions"}],"wp:attachment":[{"href":"https:\/\/cftc-syntec.fr\/testimport\/wp-json\/wp\/v2\/media?parent=5308"}],"wp:term":[{"taxonomy":"category","embeddable":true,"href":"https:\/\/cftc-syntec.fr\/testimport\/wp-json\/wp\/v2\/categories?post=5308"},{"taxonomy":"post_tag","embeddable":true,"href":"https:\/\/cftc-syntec.fr\/testimport\/wp-json\/wp\/v2\/tags?post=5308"}],"curies":[{"name":"wp","href":"https:\/\/api.w.org\/{rel}","templated":true}]}}